{"id":6698,"date":"2025-08-17T05:09:08","date_gmt":"2025-08-17T05:09:08","guid":{"rendered":"https:\/\/www.europesays.com\/se\/6698\/"},"modified":"2025-08-17T05:09:08","modified_gmt":"2025-08-17T05:09:08","slug":"ryska-tidningar-glads-over-att-trump-overger-vapenvila","status":"publish","type":"post","link":"https:\/\/www.europesays.com\/se\/6698\/","title":{"rendered":"Ryska tidningar gl\u00e4ds \u00f6ver att Trump \u00f6verger vapenvila"},"content":{"rendered":"<p>De ryska tidningarna \u00e4r \u00f6verens om att Alaskam\u00f6tet var en stor diplomatisk framg\u00e5ng f\u00f6r Ryssland. Det rapporterar BBC:s Rysslandskorrespondent Steve Rosenberg i sitt dagliga nyhetssvep \u201dReading Russia\u201d.<\/p>\n<p>Flera tidningar tar fasta p\u00e5 att Donald Trump efter m\u00f6tet \u00f6vergav tanken p\u00e5 en vapenvila och i\u202fst\u00e4llet siktar in sig p\u00e5 ett mer omfattande fredsavtal direkt.<\/p>\n<p>\u201dTrump kom sj\u00e4lv till den slutsatsen efter sitt samtal med den ryske presidenten. Och detta \u00e4r en uppenbar taktisk seger f\u00f6r rysk diplomati\u201d, skriver tidningen Moskovsky Komsomolets.<\/p>\n<p>Enligt en annan tidning, Komsomolskaya Pravda, f\u00f6rklarade Putin f\u00f6r Trump att en tillf\u00e4llig vapenvila missgynnar Ryssland eftersom man f\u00f6rlorar sitt momentum vid fronten. D\u00e4rf\u00f6r \u00e4r en f\u00f6rhandling om fredsavtal klart b\u00e4ttre f\u00f6r Ryssland: Medan Ukraina och EU kategoriskt kommer att \u201dv\u00e4gra fred\u201d kan den ryska arm\u00e9n forts\u00e4tta att avancera, skriver tidningen.<\/p>\n<p>Omni \u00e4r politiskt obundna och oberoende. Vi str\u00e4var efter att ge fler perspektiv p\u00e5 nyheterna. Har du fr\u00e5gor eller synpunkter kring v\u00e5r rapportering? <a href=\"https:\/\/omni.se\/ryska-tidningar-hyllar-skifte-fran-vapenvila-till-fredsavtal\/a\/mailto:redaktion@omni.se\" class=\"ArticleActions_contactLink__W2F1M\" rel=\"nofollow noopener\" target=\"_blank\">Kontakta redaktionen<\/a><\/p>\n","protected":false},"excerpt":{"rendered":"De ryska tidningarna \u00e4r \u00f6verens om att Alaskam\u00f6tet var en stor diplomatisk framg\u00e5ng f\u00f6r Ryssland. Det rapporterar BBC:s&hellip;\n","protected":false},"author":2,"featured_media":6699,"comment_status":"","ping_status":"","sticky":false,"template":"","format":"standard","meta":{"footnotes":""},"categories":[5],"tags":[22,23,385,267,26,27,17,21,24,25,28,29,15,268,16,18,269,264,34,31,33,32,30,19,20,74,261],"class_list":{"0":"post-6698","1":"post","2":"type-post","3":"status-publish","4":"format-standard","5":"has-post-thumbnail","7":"category-rubriker","8":"tag-breaking-news","9":"tag-breakingnews","10":"tag-donald-trump","11":"tag-europa","12":"tag-featured-news","13":"tag-featurednews","14":"tag-headlines","15":"tag-huvudnyheter","16":"tag-latest-news","17":"tag-latestnews","18":"tag-main-news","19":"tag-mainnews","20":"tag-news","21":"tag-nordamerika","22":"tag-nyheter","23":"tag-rubriker","24":"tag-ryska-invasionen","25":"tag-ryssland","26":"tag-se","27":"tag-svenska","28":"tag-sverige","29":"tag-sweden","30":"tag-swedish","31":"tag-top-stories","32":"tag-topstories","33":"tag-usa","34":"tag-vladimir-putin"},"share_on_mastodon":{"url":"","error":""},"_links":{"self":[{"href":"https:\/\/www.europesays.com\/se\/wp-json\/wp\/v2\/posts\/6698","targetHints":{"allow":["GET"]}}],"collection":[{"href":"https:\/\/www.europesays.com\/se\/wp-json\/wp\/v2\/posts"}],"about":[{"href":"https:\/\/www.europesays.com\/se\/wp-json\/wp\/v2\/types\/post"}],"author":[{"embeddable":true,"href":"https:\/\/www.europesays.com\/se\/wp-json\/wp\/v2\/users\/2"}],"replies":[{"embeddable":true,"href":"https:\/\/www.europesays.com\/se\/wp-json\/wp\/v2\/comments?post=6698"}],"version-history":[{"count":0,"href":"https:\/\/www.europesays.com\/se\/wp-json\/wp\/v2\/posts\/6698\/revisions"}],"wp:featuredmedia":[{"embeddable":true,"href":"https:\/\/www.europesays.com\/se\/wp-json\/wp\/v2\/media\/6699"}],"wp:attachment":[{"href":"https:\/\/www.europesays.com\/se\/wp-json\/wp\/v2\/media?parent=6698"}],"wp:term":[{"taxonomy":"category","embeddable":true,"href":"https:\/\/www.europesays.com\/se\/wp-json\/wp\/v2\/categories?post=6698"},{"taxonomy":"post_tag","embeddable":true,"href":"https:\/\/www.europesays.com\/se\/wp-json\/wp\/v2\/tags?post=6698"}],"curies":[{"name":"wp","href":"https:\/\/api.w.org\/{rel}","templated":true}]}}