{"id":66998,"date":"2025-10-29T08:02:08","date_gmt":"2025-10-29T08:02:08","guid":{"rendered":"https:\/\/www.europesays.com\/se\/66998\/"},"modified":"2025-10-29T08:02:08","modified_gmt":"2025-10-29T08:02:08","slug":"man-dod-pa-jobbet-i-skovde-foll-ner-i-tank","status":"publish","type":"post","link":"https:\/\/www.europesays.com\/se\/66998\/","title":{"rendered":"Man d\u00f6d p\u00e5 jobbet i Sk\u00f6vde \u2013 f\u00f6ll ner i tank"},"content":{"rendered":"<p>En man har d\u00f6tt efter att ha fallit ner i en tank i ett industriomr\u00e5de i Sk\u00f6vde under natten till onsdag, rapporterar P4 Skaraborg. <\/p>\n<p>Enligt polisen tros mannen ha kl\u00e4ttrat upp p\u00e5 tanken f\u00f6r att tv\u00e4tta den, men ramlat i. Ambulans larmades till platsen, men mannens liv gick inte att r\u00e4dda. <\/p>\n<p>H\u00e4ndelsen utreds som v\u00e5llande till annans d\u00f6d vid arbetsplatsolycka. <\/p>\n<p>Omni \u00e4r politiskt obundna och oberoende. Vi str\u00e4var efter att ge fler perspektiv p\u00e5 nyheterna. Har du fr\u00e5gor eller synpunkter kring v\u00e5r rapportering? <a href=\"https:\/\/omni.se\/man-dod-pa-jobbet-i-skovde-foll-ner-i-tank\/a\/mailto:redaktion@omni.se\" class=\"ArticleActions_contactLink__W2F1M\" rel=\"nofollow noopener\" target=\"_blank\">Kontakta redaktionen<\/a><\/p>\n","protected":false},"excerpt":{"rendered":"En man har d\u00f6tt efter att ha fallit ner i en tank i ett industriomr\u00e5de i Sk\u00f6vde under&hellip;\n","protected":false},"author":2,"featured_media":66999,"comment_status":"","ping_status":"","sticky":false,"template":"","format":"standard","meta":{"footnotes":""},"categories":[5],"tags":[22,23,26,27,17,21,24,25,28,29,15,16,18,34,6107,31,33,32,30,19,20,1084],"class_list":{"0":"post-66998","1":"post","2":"type-post","3":"status-publish","4":"format-standard","5":"has-post-thumbnail","7":"category-rubriker","8":"tag-breaking-news","9":"tag-breakingnews","10":"tag-featured-news","11":"tag-featurednews","12":"tag-headlines","13":"tag-huvudnyheter","14":"tag-latest-news","15":"tag-latestnews","16":"tag-main-news","17":"tag-mainnews","18":"tag-news","19":"tag-nyheter","20":"tag-rubriker","21":"tag-se","22":"tag-skovde","23":"tag-svenska","24":"tag-sverige","25":"tag-sweden","26":"tag-swedish","27":"tag-top-stories","28":"tag-topstories","29":"tag-vastra-gotalands-lan"},"share_on_mastodon":{"url":"https:\/\/pubeurope.com\/@se\/115456412391109465","error":""},"_links":{"self":[{"href":"https:\/\/www.europesays.com\/se\/wp-json\/wp\/v2\/posts\/66998","targetHints":{"allow":["GET"]}}],"collection":[{"href":"https:\/\/www.europesays.com\/se\/wp-json\/wp\/v2\/posts"}],"about":[{"href":"https:\/\/www.europesays.com\/se\/wp-json\/wp\/v2\/types\/post"}],"author":[{"embeddable":true,"href":"https:\/\/www.europesays.com\/se\/wp-json\/wp\/v2\/users\/2"}],"replies":[{"embeddable":true,"href":"https:\/\/www.europesays.com\/se\/wp-json\/wp\/v2\/comments?post=66998"}],"version-history":[{"count":0,"href":"https:\/\/www.europesays.com\/se\/wp-json\/wp\/v2\/posts\/66998\/revisions"}],"wp:featuredmedia":[{"embeddable":true,"href":"https:\/\/www.europesays.com\/se\/wp-json\/wp\/v2\/media\/66999"}],"wp:attachment":[{"href":"https:\/\/www.europesays.com\/se\/wp-json\/wp\/v2\/media?parent=66998"}],"wp:term":[{"taxonomy":"category","embeddable":true,"href":"https:\/\/www.europesays.com\/se\/wp-json\/wp\/v2\/categories?post=66998"},{"taxonomy":"post_tag","embeddable":true,"href":"https:\/\/www.europesays.com\/se\/wp-json\/wp\/v2\/tags?post=66998"}],"curies":[{"name":"wp","href":"https:\/\/api.w.org\/{rel}","templated":true}]}}