{"id":67114,"date":"2025-10-29T10:29:10","date_gmt":"2025-10-29T10:29:10","guid":{"rendered":"https:\/\/www.europesays.com\/se\/67114\/"},"modified":"2025-10-29T10:29:10","modified_gmt":"2025-10-29T10:29:10","slug":"julia-zigiotti-olme-slar-tillbaka-mot-johan-elmander-testa-spela-sjalv-landslaget","status":"publish","type":"post","link":"https:\/\/www.europesays.com\/se\/67114\/","title":{"rendered":"Julia Zigiotti Olme sl\u00e5r tillbaka mot Johan Elmander: \u201dTesta spela sj\u00e4lv\u201d | Landslaget"},"content":{"rendered":"<p>Publicerad 28 okt 2025 kl 22.05Uppdaterad kl 23.57<\/p>\n<p>Johan Elmander s\u00e5gade Sveriges mittf\u00e4lt.<\/p>\n<p>Nu svarar Julia Zigiotti Olme radioexperten.<\/p>\n<p>\u2013\u00a0Han f\u00e5r v\u00e4l testa spela sj\u00e4lv, s\u00e4ger landslagslagsstj\u00e4rnan.\u00a0<\/p>\n<p><img   alt=\"\"\/><\/p>\n<p>Julia Zigiotti Olme.<\/p>\n<p>Foto: MICHAEL ERICHSEN \/ BILDBYR\u00c5N<\/p>\n<p>\u00d6ppna bild i helsk\u00e4rm<img loading=\"lazy\"   alt=\"\"\/><\/p>\n<p>Johan Elmander.<\/p>\n<p>Foto: LUDVIG THUNMAN \/ BILDBYR\u00c5N<\/p>\n<p>\u00d6ppna bild i helsk\u00e4rm<\/p>\n<p>Sverige f\u00f6ll tungt i Nations League-semifinalen mot Spanien.<\/p>\n<p>Dubbelm\u00f6tet slutade 0\u20135, efter att fyram\u00e5lsf\u00f6rlusten p\u00e5 bortaplan f\u00f6ljts upp av ett uddam\u00e5lsnederlag hemma i G\u00f6teborg.<\/p>\n<p>I Radiosporten ans\u00e5g experten Johan Elmander att det svenska mittf\u00e4ltsspelet inte fungerat i dubbelm\u00f6tet.<\/p>\n<p>\u2013 Jag tycker inte att det har fungerat. Det har varit hackigt. Det \u00e4r inte det mittf\u00e4ltet vi s\u00e5g i EM i somras, d\u00e4r det var en av de starkaste delarna vi hade i landslaget. Det har inte fungerat i de h\u00e4r tv\u00e5 matcherna, sade han.<\/p>\n<p>Nu sl\u00e5r mittf\u00e4ltaren <a href=\"https:\/\/www.expressen.se\/tagg\/person\/julia-zigiotti-olme\/\" class=\"\" rel=\"nofollow noopener\" target=\"_blank\">Julia Zigiotti Olme<\/a> tillbaka.<\/p>\n<p>\u2013 Det \u00e4r tv\u00e5 matcher mot ett otroligt bra Spanien. De \u00e4r otroligt skickliga. Jag vet inte. Han f\u00e5r v\u00e4l s\u00e4ga vad han vill \u2013 han kan v\u00e4l testa spela sj\u00e4lv s\u00e4ger hon.<\/p>\n<p>S\u00e5gar filmningarna: \u201dIrriterande\u201d<\/p>\n<p>Manchester United-stj\u00e4rnan utvecklar vidare:<\/p>\n<p>\u2013 Det \u00e4r ett otroligt skickligt lag vi m\u00f6ter. Tar man en spelare spelar de till en annan. Det \u00e4r otroligt tufft att m\u00f6ta.<\/p>\n<p>D\u00e4remot var hon inte lika n\u00f6jd med spanjorskornas f\u00f6rm\u00e5ga att kasta sig l\u00e4tt i gr\u00e4set.<\/p>\n<p>\u2013 De faller l\u00e4tt, men det \u00e4r v\u00e4l s\u00e5 det \u00e4r. Det \u00e4r spansk fotboll. Det \u00e4r klart det \u00e4r irriterande men det \u00e4r inget man kan g\u00f6ra n\u00e5got \u00e5t. Domaren f\u00e5r d\u00f6ma, s\u00e4ger Zigiotti Olme.\u00a0<\/p>\n<p><strong>L\u00c4S MER: <\/strong><a href=\"https:\/\/www.expressen.se\/sport\/fotboll\/landslaget\/sverige-missar-finalen-i-nations-league\/\" class=\"\" rel=\"nofollow noopener\" target=\"_blank\">Sverige missar finalen i Nations League<\/a><strong>L\u00c4S MER: <\/strong><a href=\"https:\/\/www.expressen.se\/sport\/kronikorer\/frida-olsson\/generationsvaxlingen-ar-mer-an-valkommen\/\" class=\"\" rel=\"nofollow noopener\" target=\"_blank\">Generationsv\u00e4xlingen \u00e4r mer \u00e4n v\u00e4lkommen<\/a><strong>L\u00c4S MER: <\/strong><a href=\"https:\/\/www.expressen.se\/sport\/fotboll\/landslaget\/getingbetyg-efter-sverige-spanien\/\" class=\"premium-link\" rel=\"nofollow noopener\" target=\"_blank\">Premium Getingbetyg efter Sverige\u2013Spanien<\/a><\/p>\n","protected":false},"excerpt":{"rendered":"Publicerad 28 okt 2025 kl 22.05Uppdaterad kl 23.57 Johan Elmander s\u00e5gade Sveriges mittf\u00e4lt. Nu svarar Julia Zigiotti Olme&hellip;\n","protected":false},"author":2,"featured_media":67115,"comment_status":"","ping_status":"","sticky":false,"template":"","format":"standard","meta":{"footnotes":""},"categories":[68],"tags":[1954,6133,6132,34,129,146,111,110,31,33,32,30],"class_list":{"0":"post-67114","1":"post","2":"type-post","3":"status-publish","4":"format-standard","5":"has-post-thumbnail","7":"category-sport","8":"tag-organization-sveriges-damlandslag-i-fotboll","9":"tag-person-johan-elmander","10":"tag-person-julia-zigiotti-olme","11":"tag-se","12":"tag-sections-fotboll","13":"tag-sections-landslaget","14":"tag-sport","15":"tag-sports","16":"tag-svenska","17":"tag-sverige","18":"tag-sweden","19":"tag-swedish"},"share_on_mastodon":{"url":"https:\/\/pubeurope.com\/@se\/115456990726809848","error":""},"_links":{"self":[{"href":"https:\/\/www.europesays.com\/se\/wp-json\/wp\/v2\/posts\/67114","targetHints":{"allow":["GET"]}}],"collection":[{"href":"https:\/\/www.europesays.com\/se\/wp-json\/wp\/v2\/posts"}],"about":[{"href":"https:\/\/www.europesays.com\/se\/wp-json\/wp\/v2\/types\/post"}],"author":[{"embeddable":true,"href":"https:\/\/www.europesays.com\/se\/wp-json\/wp\/v2\/users\/2"}],"replies":[{"embeddable":true,"href":"https:\/\/www.europesays.com\/se\/wp-json\/wp\/v2\/comments?post=67114"}],"version-history":[{"count":0,"href":"https:\/\/www.europesays.com\/se\/wp-json\/wp\/v2\/posts\/67114\/revisions"}],"wp:featuredmedia":[{"embeddable":true,"href":"https:\/\/www.europesays.com\/se\/wp-json\/wp\/v2\/media\/67115"}],"wp:attachment":[{"href":"https:\/\/www.europesays.com\/se\/wp-json\/wp\/v2\/media?parent=67114"}],"wp:term":[{"taxonomy":"category","embeddable":true,"href":"https:\/\/www.europesays.com\/se\/wp-json\/wp\/v2\/categories?post=67114"},{"taxonomy":"post_tag","embeddable":true,"href":"https:\/\/www.europesays.com\/se\/wp-json\/wp\/v2\/tags?post=67114"}],"curies":[{"name":"wp","href":"https:\/\/api.w.org\/{rel}","templated":true}]}}