{"id":67226,"date":"2025-10-29T12:49:08","date_gmt":"2025-10-29T12:49:08","guid":{"rendered":"https:\/\/www.europesays.com\/se\/67226\/"},"modified":"2025-10-29T12:49:08","modified_gmt":"2025-10-29T12:49:08","slug":"zelenskyj-manga-fordelar-med-gripen-plan","status":"publish","type":"post","link":"https:\/\/www.europesays.com\/se\/67226\/","title":{"rendered":"Zelenskyj: M\u00e5nga f\u00f6rdelar med Gripen-plan"},"content":{"rendered":"<p>share-arrowDela<\/p>\n<p>unsaveSpara<\/p>\n<p>expand-left<\/p>\n<p>helsk\u00e4rm<img decoding=\"async\" class=\"image-asset hyperion-css-u06ts1\" data-test-tag=\"image-asset\" src=\"https:\/\/www.europesays.com\/se\/wp-content\/uploads\/2025\/10\/5f382943-665d-43ca-ab93-8d8825c87781\"  alt=\"Volodymyr Zelenskyj och Ulf Kristersson framf\u00f6r ett Gripen-plan i Link\u00f6ping i f\u00f6rra veckan.\"  loading=\"eager\" fetchpriority=\"high\" style=\"aspect-ratio:1900 \/ 1267\"\/>Volodymyr Zelenskyj och Ulf Kristersson framf\u00f6r ett Gripen-plan i Link\u00f6ping i f\u00f6rra veckan. Foto: Fredrik Sandberg\/TT<\/p>\n<p class=\"hyperion-css-1shl3oz\" data-test-tag=\"lead-text\">Ukraina planerar en ny stor stridsflygsflotta, best\u00e5ende av plan fr\u00e5n Frankrike, Sverige och USA, s\u00e4ger president Volodymyr Zelenskyj \u2013 men svenska Gripen beskrivs som favoriten.<\/p>\n<p class=\"hyperion-css-1v9qo5x\">\u2013 Vi f\u00f6r parallella samtal med Sverige, Frankrike och USA. M\u00e5let \u00e4r en flotta om 250 nya flygplan. Det \u00e4r v\u00e5r framtid, s\u00e4ger han enligt ukrainska medier.<\/p>\n<p class=\"hyperion-css-1v9qo5x\">Presidenten beskriver det som att Ukraina valt att satsa p\u00e5 USA:s F-16, svenska Gripen samt Rafale fr\u00e5n Frankrike, baserat p\u00e5 ukrainska stridspiloters kunskaper samt vilka ryska milit\u00e4ra f\u00f6rm\u00e5gor man m\u00f6ter.<\/p>\n<p class=\"hyperion-css-1v9qo5x\">Zelenskyj framh\u00e5ller s\u00e4rskilt f\u00f6rdelar med Gripen. De \u00e4r billigare att serva, kr\u00e4ver pilotutbildningar p\u00e5 endast sex m\u00e5nader och kan lyfta fr\u00e5n och landa p\u00e5 bilv\u00e4gar, menar han.<\/p>\n<p class=\"hyperion-css-1v9qo5x\">N\u00e4r Zelenskyj i f\u00f6rra veckan bes\u00f6kte Link\u00f6ping meddelade han och statsminister Ulf Kristersson (M) att Sverige och Ukraina skrivit under en avsiktsf\u00f6rklaring, om en aff\u00e4r p\u00e5 100\u2013150 exemplar av nya Gripen E. Hur dessa ska finansieras och andra villkor \u00e4r dock l\u00e5ngt ifr\u00e5n klara.<\/p>\n<p class=\"hyperion-css-1v9qo5x\">I v\u00e4ntan p\u00e5 nybyggda plan hj\u00e4lper allierade Ukraina med \u00e4ldre stridsflyg. N\u00e4rmast finns en leverans av franska Mirage 2000-5F, uppger Zelenskyj.<\/p>\n","protected":false},"excerpt":{"rendered":"share-arrowDela unsaveSpara expand-left helsk\u00e4rmVolodymyr Zelenskyj och Ulf Kristersson framf\u00f6r ett Gripen-plan i Link\u00f6ping i f\u00f6rra veckan. Foto: Fredrik&hellip;\n","protected":false},"author":2,"featured_media":67227,"comment_status":"","ping_status":"","sticky":false,"template":"","format":"standard","meta":{"footnotes":""},"categories":[12],"tags":[22,23,26,27,17,21,24,25,28,29,15,16,18,34,31,33,32,30,19,20],"class_list":{"0":"post-67226","1":"post","2":"type-post","3":"status-publish","4":"format-standard","5":"has-post-thumbnail","7":"category-sverige","8":"tag-breaking-news","9":"tag-breakingnews","10":"tag-featured-news","11":"tag-featurednews","12":"tag-headlines","13":"tag-huvudnyheter","14":"tag-latest-news","15":"tag-latestnews","16":"tag-main-news","17":"tag-mainnews","18":"tag-news","19":"tag-nyheter","20":"tag-rubriker","21":"tag-se","22":"tag-svenska","23":"tag-sverige","24":"tag-sweden","25":"tag-swedish","26":"tag-top-stories","27":"tag-topstories"},"share_on_mastodon":{"url":"https:\/\/pubeurope.com\/@se\/115457541382751975","error":""},"_links":{"self":[{"href":"https:\/\/www.europesays.com\/se\/wp-json\/wp\/v2\/posts\/67226","targetHints":{"allow":["GET"]}}],"collection":[{"href":"https:\/\/www.europesays.com\/se\/wp-json\/wp\/v2\/posts"}],"about":[{"href":"https:\/\/www.europesays.com\/se\/wp-json\/wp\/v2\/types\/post"}],"author":[{"embeddable":true,"href":"https:\/\/www.europesays.com\/se\/wp-json\/wp\/v2\/users\/2"}],"replies":[{"embeddable":true,"href":"https:\/\/www.europesays.com\/se\/wp-json\/wp\/v2\/comments?post=67226"}],"version-history":[{"count":0,"href":"https:\/\/www.europesays.com\/se\/wp-json\/wp\/v2\/posts\/67226\/revisions"}],"wp:featuredmedia":[{"embeddable":true,"href":"https:\/\/www.europesays.com\/se\/wp-json\/wp\/v2\/media\/67227"}],"wp:attachment":[{"href":"https:\/\/www.europesays.com\/se\/wp-json\/wp\/v2\/media?parent=67226"}],"wp:term":[{"taxonomy":"category","embeddable":true,"href":"https:\/\/www.europesays.com\/se\/wp-json\/wp\/v2\/categories?post=67226"},{"taxonomy":"post_tag","embeddable":true,"href":"https:\/\/www.europesays.com\/se\/wp-json\/wp\/v2\/tags?post=67226"}],"curies":[{"name":"wp","href":"https:\/\/api.w.org\/{rel}","templated":true}]}}