{"id":67315,"date":"2025-10-29T14:29:26","date_gmt":"2025-10-29T14:29:26","guid":{"rendered":"https:\/\/www.europesays.com\/se\/67315\/"},"modified":"2025-10-29T14:29:26","modified_gmt":"2025-10-29T14:29:26","slug":"hvs-besked-kallar-tillbaka-talangen","status":"publish","type":"post","link":"https:\/\/www.europesays.com\/se\/67315\/","title":{"rendered":"HV:s besked: Kallar tillbaka talangen"},"content":{"rendered":"<p><strong>Oscar Davidsson har varit utl\u00e5nad till <a href=\"https:\/\/hockeysverige.se\/klubb\/vimmerby-hockey\/\" rel=\"nofollow noopener\" target=\"_blank\">Vimmerby<\/a>. Nu kallar <a href=\"https:\/\/hockeysverige.se\/klubb\/hv71\/\" rel=\"nofollow noopener\" target=\"_blank\">HV71<\/a> tillbaka talangen.<\/strong><\/p>\n<p><img loading=\"lazy\" decoding=\"async\" width=\"1024\" height=\"658\" src=\"https:\/\/www.europesays.com\/se\/wp-content\/uploads\/2025\/09\/250311CS014-1024x658.webp.webp\" alt=\"Oscar Davidsson\" class=\"wp-image-308434\"  \/>Oscar Davidsson.<br \/><strong>Foto: <\/strong>Carl Sandin\/Bildbyr\u00e5n<\/p>\n<p>F\u00f6r en m\u00e5nad sedan meddelade HV71 att Oscar Davidsson l\u00e5nas ut till Vimmerby i <a href=\"https:\/\/hockeysverige.se\/hockeyallsvenskan\/\" rel=\"nofollow noopener\" target=\"_blank\">HockeyAllsvenskan<\/a>.<\/p>\n<p>\u2013 Det \u00e4r bra att Oscar f\u00e5r forts\u00e4tta spela seniorhockey f\u00f6r hans utveckling och d\u00e4r \u00e4r Vimmerby en bra plats. Vi har m\u00f6jlighet att kalla tillbaka Oscar om behov f\u00f6r skulle uppst\u00e5, sade sportchefen Bj\u00f6rn Liljander d\u00e5.<\/p>\n<p>Och nu har man valt att kalla tillbaka J-landslagsmannen. Davidsson\u00a0plockas tillbaka till HV71 f\u00f6r spel resten av veckan, meddelar Vimmerby p\u00e5 <a href=\"https:\/\/www.instagram.com\" rel=\"nofollow noopener\" target=\"_blank\">sociala medier.<\/a><\/p>\n<p>Oscar Davidsson \u00e5terv\u00e4nder till HV71<\/p>\n<p>Forwarden har spelat \u00e5tta matcher f\u00f6r Vimmerby, men utan att g\u00f6ra po\u00e4ng. Han har legat p\u00e5 allt fr\u00e5n nio till 14 minuters istid. Davidsson har under s\u00e4songen ocks\u00e5 spelat sex matcher f\u00f6r HV71:s J20-lag, och p\u00e5 dessa producerat \u00e5tta po\u00e4ng f\u00f6rdelat p\u00e5 tv\u00e5 m\u00e5l och sex m\u00e5lgivande passningar.<\/p>\n<p>19-\u00e5ringen, som spelat tre matcher f\u00f6r Juniorkronorna den h\u00e4r s\u00e4songen, har sedan tidigare 16 <a href=\"https:\/\/hockeysverige.se\/shl\/\" rel=\"nofollow noopener\" target=\"_blank\">SHL<\/a>-matcher med HV71 p\u00e5 meritlistan. HV har bekymmer p\u00e5 forwardssidan, d\u00e4r Isac Br\u00e4nnstr\u00f6m, Joona Luoto och Oskar St\u00e5l Lyren\u00e4s har skadeproblem.<\/p>\n<p>Vimmerby l\u00e5nar i sin tur in Kalle Carlsson fr\u00e5n Karlskrona till kv\u00e4llens match mot Mora.<\/p>\n<p> Source: <a href=\"https:\/\/www.eliteprospects.com\/league\/shl\" target=\"_blank\" rel=\"noopener noreferrer nofollow\">SHL League Page<\/a> @ Elite Prospects<\/p>\n<p><script async src=\"\/\/www.instagram.com\/embed.js\"><\/script><\/p>\n","protected":false},"excerpt":{"rendered":"Oscar Davidsson har varit utl\u00e5nad till Vimmerby. Nu kallar HV71 tillbaka talangen. Oscar Davidsson.Foto: Carl Sandin\/Bildbyr\u00e5n F\u00f6r en&hellip;\n","protected":false},"author":2,"featured_media":43542,"comment_status":"","ping_status":"","sticky":false,"template":"","format":"standard","meta":{"footnotes":""},"categories":[68],"tags":[34,133,111,110,31,33,32,30],"class_list":{"0":"post-67315","1":"post","2":"type-post","3":"status-publish","4":"format-standard","5":"has-post-thumbnail","7":"category-sport","8":"tag-se","9":"tag-second-news","10":"tag-sport","11":"tag-sports","12":"tag-svenska","13":"tag-sverige","14":"tag-sweden","15":"tag-swedish"},"share_on_mastodon":{"url":"https:\/\/pubeurope.com\/@se\/115457934260429737","error":""},"_links":{"self":[{"href":"https:\/\/www.europesays.com\/se\/wp-json\/wp\/v2\/posts\/67315","targetHints":{"allow":["GET"]}}],"collection":[{"href":"https:\/\/www.europesays.com\/se\/wp-json\/wp\/v2\/posts"}],"about":[{"href":"https:\/\/www.europesays.com\/se\/wp-json\/wp\/v2\/types\/post"}],"author":[{"embeddable":true,"href":"https:\/\/www.europesays.com\/se\/wp-json\/wp\/v2\/users\/2"}],"replies":[{"embeddable":true,"href":"https:\/\/www.europesays.com\/se\/wp-json\/wp\/v2\/comments?post=67315"}],"version-history":[{"count":0,"href":"https:\/\/www.europesays.com\/se\/wp-json\/wp\/v2\/posts\/67315\/revisions"}],"wp:featuredmedia":[{"embeddable":true,"href":"https:\/\/www.europesays.com\/se\/wp-json\/wp\/v2\/media\/43542"}],"wp:attachment":[{"href":"https:\/\/www.europesays.com\/se\/wp-json\/wp\/v2\/media?parent=67315"}],"wp:term":[{"taxonomy":"category","embeddable":true,"href":"https:\/\/www.europesays.com\/se\/wp-json\/wp\/v2\/categories?post=67315"},{"taxonomy":"post_tag","embeddable":true,"href":"https:\/\/www.europesays.com\/se\/wp-json\/wp\/v2\/tags?post=67315"}],"curies":[{"name":"wp","href":"https:\/\/api.w.org\/{rel}","templated":true}]}}