{"id":67318,"date":"2025-10-29T14:34:10","date_gmt":"2025-10-29T14:34:10","guid":{"rendered":"https:\/\/www.europesays.com\/se\/67318\/"},"modified":"2025-10-29T14:34:10","modified_gmt":"2025-10-29T14:34:10","slug":"svenskar-atalas-for-terrorbrott-i-danmark-2","status":"publish","type":"post","link":"https:\/\/www.europesays.com\/se\/67318\/","title":{"rendered":"Svenskar \u00e5talas f\u00f6r terrorbrott i Danmark"},"content":{"rendered":"<p>Tv\u00e5 svenska m\u00e4n, 18 och 20 \u00e5r, \u00e5talas f\u00f6r terroristbrott i Danmark, rapporterar TV2.<\/p>\n<p>M\u00e4nnen misst\u00e4nks ha kastat tv\u00e5 handgranater mot Israels ambassad i K\u00f6penhamn den 2 oktober f\u00f6rra \u00e5ret. Granaterna tr\u00e4ffade inte ambassaden, men d\u00e4remot en n\u00e4rliggande bostadsbyggnad.<\/p>\n<p>\u00c5klagaren kr\u00e4ver f\u00e4ngelsestraff och att m\u00e4nnen utvisas ur Danmark med permanent inresef\u00f6rbud.<\/p>\n<p>Omni \u00e4r politiskt obundna och oberoende. Vi str\u00e4var efter att ge fler perspektiv p\u00e5 nyheterna. Har du fr\u00e5gor eller synpunkter kring v\u00e5r rapportering? <a href=\"https:\/\/omni.se\/svenskar-atalas-for-terrorbrott-i-danmark\/a\/mailto:redaktion@omni.se\" class=\"ArticleActions_contactLink__W2F1M\" rel=\"nofollow noopener\" target=\"_blank\">Kontakta redaktionen<\/a><\/p>\n","protected":false},"excerpt":{"rendered":"Tv\u00e5 svenska m\u00e4n, 18 och 20 \u00e5r, \u00e5talas f\u00f6r terroristbrott i Danmark, rapporterar TV2. M\u00e4nnen misst\u00e4nks ha kastat&hellip;\n","protected":false},"author":2,"featured_media":67319,"comment_status":"","ping_status":"","sticky":false,"template":"","format":"standard","meta":{"footnotes":""},"categories":[12],"tags":[22,23,128,1205,267,26,27,17,21,24,25,28,29,15,16,18,34,31,33,32,30,19,20],"class_list":{"0":"post-67318","1":"post","2":"type-post","3":"status-publish","4":"format-standard","5":"has-post-thumbnail","7":"category-sverige","8":"tag-breaking-news","9":"tag-breakingnews","10":"tag-brott","11":"tag-danmark","12":"tag-europa","13":"tag-featured-news","14":"tag-featurednews","15":"tag-headlines","16":"tag-huvudnyheter","17":"tag-latest-news","18":"tag-latestnews","19":"tag-main-news","20":"tag-mainnews","21":"tag-news","22":"tag-nyheter","23":"tag-rubriker","24":"tag-se","25":"tag-svenska","26":"tag-sverige","27":"tag-sweden","28":"tag-swedish","29":"tag-top-stories","30":"tag-topstories"},"share_on_mastodon":{"url":"https:\/\/pubeurope.com\/@se\/115457953880171949","error":""},"_links":{"self":[{"href":"https:\/\/www.europesays.com\/se\/wp-json\/wp\/v2\/posts\/67318","targetHints":{"allow":["GET"]}}],"collection":[{"href":"https:\/\/www.europesays.com\/se\/wp-json\/wp\/v2\/posts"}],"about":[{"href":"https:\/\/www.europesays.com\/se\/wp-json\/wp\/v2\/types\/post"}],"author":[{"embeddable":true,"href":"https:\/\/www.europesays.com\/se\/wp-json\/wp\/v2\/users\/2"}],"replies":[{"embeddable":true,"href":"https:\/\/www.europesays.com\/se\/wp-json\/wp\/v2\/comments?post=67318"}],"version-history":[{"count":0,"href":"https:\/\/www.europesays.com\/se\/wp-json\/wp\/v2\/posts\/67318\/revisions"}],"wp:featuredmedia":[{"embeddable":true,"href":"https:\/\/www.europesays.com\/se\/wp-json\/wp\/v2\/media\/67319"}],"wp:attachment":[{"href":"https:\/\/www.europesays.com\/se\/wp-json\/wp\/v2\/media?parent=67318"}],"wp:term":[{"taxonomy":"category","embeddable":true,"href":"https:\/\/www.europesays.com\/se\/wp-json\/wp\/v2\/categories?post=67318"},{"taxonomy":"post_tag","embeddable":true,"href":"https:\/\/www.europesays.com\/se\/wp-json\/wp\/v2\/tags?post=67318"}],"curies":[{"name":"wp","href":"https:\/\/api.w.org\/{rel}","templated":true}]}}