{"id":67389,"date":"2025-10-29T15:56:10","date_gmt":"2025-10-29T15:56:10","guid":{"rendered":"https:\/\/www.europesays.com\/se\/67389\/"},"modified":"2025-10-29T15:56:10","modified_gmt":"2025-10-29T15:56:10","slug":"domarchefens-svar-efter-blomqvists-utspel-inte-bra-for-oss-shl","status":"publish","type":"post","link":"https:\/\/www.europesays.com\/se\/67389\/","title":{"rendered":"Domarchefens svar efter Blomqvists utspel: \u201dInte bra f\u00f6r oss\u201d | SHL"},"content":{"rendered":"<p>Publicerad 29 okt 2025 kl 11.22Uppdaterad kl 11.29<\/p>\n<p>Anton Blomqvist rasade \u00f6ver domarinsatsen i m\u00f6tet mellan Link\u00f6ping och HV71.\u00a0<\/p>\n<p>Nu bem\u00f6ter domarbasen Tomas Thorsbrink utspelen fr\u00e5n HV-tr\u00e4naren.<\/p>\n<p>\u2013 Det blir alltid ett merjobb f\u00f6r oss n\u00e4r n\u00e5gon namndroppar domare s\u00e5 h\u00e5rt, s\u00e4ger han.<\/p>\n<p><img   alt=\"\"\/><\/p>\n<p>Mikael H\u00e5kanson och Anton Blomqvist p\u00e5 presskonferensen.<\/p>\n<p>Foto: MAGNUS ANDERSSON \/ BILDBYR\u00c5N<\/p>\n<p>\u00d6ppna bild i helsk\u00e4rm<img loading=\"lazy\"   alt=\"\"\/><\/p>\n<p>Domarchefen Tomas Thorsbrink.<\/p>\n<p>Foto: MICHAEL ERICHSEN \/ BILDBYR\u00c5N<\/p>\n<p>\u00d6ppna bild i helsk\u00e4rm<img loading=\"lazy\"   alt=\"\"\/><\/p>\n<p>Domarna i matchen mellan Link\u00f6ping och HV71.<\/p>\n<p>Foto: MAGNUS ANDERSSON \/ BILDBYR\u00c5N<\/p>\n<p>\u00d6ppna bild i helsk\u00e4rm<\/p>\n<p>HV71 br\u00f6t sin f\u00f6rlusttrend och var tillbaka p\u00e5 vinnarsp\u00e5ret igen efter 3-2-segern \u00f6ver Link\u00f6ping. Trepo\u00e4ngaren hamnade dock i skymundan efter att Anton Blomqvist riktat stark kritik mot domarna i matchen.\u00a0<\/p>\n<p>Han var uppr\u00f6rd \u00f6ver hur Adam Hofbauers tackling p\u00e5 Olle Alsing kunde g\u00e5 obem\u00e4rkt f\u00f6rbi.<\/p>\n<p>\u2013 Jag tycker att Holm och Sj\u00f6qvist (domarna) har det j\u00e4kligt tufft h\u00e4r i dag. Olle Alsing f\u00e5r en tackling i huvudet och det \u00e4r helt overkligt att \u00e5tta \u00f6gon inte kan se det.<\/p>\n<p>\u2013 Sedan vill man dessutom inte ta \u00e5t sig av kommunikationen heller. Det tycker jag \u00e4r j\u00e4vligt svagt rent ut sagt.<\/p>\n<p>Artikeln i korthet<\/p>\n<p> HV71:s tr\u00e4nare Anton Blomqvist riktade h\u00e5rd kritik mot domarna efter matchen mot Link\u00f6ping.<\/p>\n<p> Domarchefen Tomas Thorsbrink menar att namngivning av domare kan leda till hot och merjobb.<\/p>\n<p> Tacklingen mot Olle Alsing har \u00e4nnu inte granskats av domarorganisationen.<\/p>\n<p>Visa mer<\/p>\n<p>Hofbauer klarade sig fr\u00e5n en utvisning i matchen och situationen landade aldrig p\u00e5 disciplinn\u00e4mndens bord. S\u00e5ledes kan LHC-forwarden spela n\u00e4sta <a href=\"https:\/\/www.expressen.se\/tagg\/organization\/shl\/\" class=\"\" rel=\"nofollow noopener\" target=\"_blank\">SHL<\/a>-omg\u00e5ng.\u00a0<\/p>\n<p>Domarchefen: \u201dDet \u00e4r inte bra f\u00f6r oss\u201d<\/p>\n<p>Morgonen efter \u00e5ngestm\u00f6tet i Saab Arena hade domarbasen Tomas Thorsbrink inte noterat Anton Blomqvists utspel.\u00a0<\/p>\n<p>N\u00e4r Expressen l\u00e4ser upp citaten s\u00e4ger Thorsbrink:<\/p>\n<p>\u2013 Jag har inte sett eller h\u00f6rt det innan, men det d\u00e4r f\u00e5r st\u00e5 f\u00f6r Anton och HV71. De kan kritisera domare och det \u00e4r deras r\u00e4tt, men vi jobbar stenh\u00e5rt med alla v\u00e5ra domare f\u00f6r att bli b\u00e4ttre hela tiden. Vi analyserar allt i minsta detalj f\u00f6r att saker inte ska missas, sen kan inte vi p\u00e5verka vad n\u00e5gon s\u00e4ger i media.\u00a0<\/p>\n<p><img loading=\"lazy\"   alt=\"\"\/><\/p>\n<p>HV-tr\u00e4naren Anton Blomqvist.<\/p>\n<p>Foto: MAGNUS ANDERSSON \/ BILDBYR\u00c5N<\/p>\n<p>\u00d6ppna bild i helsk\u00e4rm<\/p>\n<p>Thorsbrink tycker d\u00e4remot inte att det leder till n\u00e5got konstruktivt n\u00e4r huvuddomare pekas ut med namn av en tr\u00e4nare.<\/p>\n<p>\u2013 Alltid n\u00e4r n\u00e5gon n\u00e4mner domare vid namn s\u00e5 blir det en svans efter\u00e5t som vi m\u00e5ste ta hand om. Det blir saker p\u00e5 sociala medier och det kan leda till hot, s\u00e5 det blir alltid ett merjobb n\u00e4r man namndroppar domare s\u00e5 h\u00e5rt som Anton gjorde. Det \u00e4r inte bra f\u00f6r oss, sedan har Anton r\u00e4tt att s\u00e4ga vad han vill.\u00a0<\/p>\n<p>Om en tr\u00e4nare eller spelare skulle attackera domare f\u00f6r h\u00e5rt kan det leda till b\u00f6ter, ber\u00e4ttar Thorsbrink. Han har ingen k\u00e4nnedom om Blomqvist riskerar en bot.<\/p>\n<p>\u2013 Vi har ett disciplinr\u00e5d i SHL och alla 14 klubbar har varit med och best\u00e4mt att om n\u00e5gon skadar varum\u00e4rket kan det bli f\u00f6rem\u00e5l f\u00f6r utredningen.\u00a0<\/p>\n<p>D\u00e5 kan reaktionerna anm\u00e4las<\/p>\n<p>Skulle n\u00e5gon person \u2013 oavsett om det \u00e4r en tr\u00e4nare, spelare eller supporter \u2013 g\u00e5 \u00f6ver gr\u00e4nsen kan en anm\u00e4lan dessutom skickas in till Svenska ishockeyf\u00f6rbundets s\u00e4kerhetsavdelning.\u00a0<\/p>\n<p>Bara under tisdagskv\u00e4llen, n\u00e4r det var full omg\u00e5ng i SHL, fick Thorsbrink sj\u00e4lv ta emot 60 mejl.<\/p>\n<p>Annons<\/p>\n<p>\u2013 Det var folk som skrev att vi var d\u00e5liga och inte visste vad vi gjorde, och det \u00e4r standard att vi f\u00e5r s\u00e5nt till oss. Men g\u00e5r man \u00f6ver gr\u00e4nsen, blir det vulg\u00e4ra ordalag, d\u00e5 kontrolleras det och skickas sedan vidare till f\u00f6rbundets s\u00e4kerhetsavdelning. Sedan fattas ett beslut om det ska uppr\u00e4ttas en anm\u00e4lan.\u00a0<\/p>\n<p>\u2013 Ingenting har g\u00e5tt vidare i \u00e5r som tur \u00e4r. Peppar, peppar, s\u00e4ger Thorsbrink.\u00a0<\/p>\n<p><img loading=\"lazy\"   alt=\"\"\/><\/p>\n<p>Olle Alsing utgick skadad efter tacklingen.<\/p>\n<p>Foto: MAGNUS ANDERSSON \/ BILDBYR\u00c5N<\/p>\n<p>\u00d6ppna bild i helsk\u00e4rm<\/p>\n<p>Sj\u00e4lva tacklingen fr\u00e5n Adam Hofbauer p\u00e5 Olle Alsing under g\u00e5rdagen har Thorsbrink \u00e4nnu inte sett.\u00a0<\/p>\n<p>Han var sj\u00e4lv p\u00e5 plats i \u00d6rebro under tisdagskv\u00e4llen.<\/p>\n<p>\u2013 Jag har inte tittat p\u00e5 det caset \u00e4n, men oavsett vilket beslut en domare tar ute p\u00e5 isen s\u00e5 \u201dtaggas\u201d (registreras) alla typer av tacklingar mot huvudet. De skickas sedan till player safety-group som avg\u00f6r om tacklingen ska anm\u00e4las vidare eller inte. Domarorganisationen tar inte de besluten, men vi kommer sj\u00e4lvklart att diskutera och analysera flera situationer redan i dag.<\/p>\n<p>Ber\u00f6mmer domarniv\u00e5n i SHL<\/p>\n<p>Thorsbrink vill vara tydlig med att alla tacklingar mot huvudet n\u00f6dv\u00e4ndigtvis inte beh\u00f6ver rendera i ett matchstraff eller en anm\u00e4lan.<\/p>\n<p>\u2013 Det st\u00e4mmer absolut inte att det \u00e4r ett automatiskt matchstraff. Om den huvudsakliga kraften tar i huvudet med till exempel en upp\u00e5tg\u00e5ende r\u00f6relse, d\u00e5 \u00e4r det illegal check to the head. Det \u00e4r sv\u00e5rbed\u00f6mda situationer, det g\u00e5r v\u00e4ldigt fort ute p\u00e5 isen, men allt som tar i huvudet \u00e4r inte ett matchstraff. Det finns flera parametrar att v\u00e4ga in under regeln illegal check to the head.\u00a0<\/p>\n<p>Under fjol\u00e5rss\u00e4songen var Tomas Thorsbrink kritisk till domarniv\u00e5n under h\u00f6stkanten 2024. S\u00e5 h\u00e4r l\u00e5ngt upplever han att standarden h\u00f6jts.\u00a0<\/p>\n<p>\u2013 Det har varit b\u00e4ttre den h\u00e4r h\u00f6sten. V\u00e5ra domare har varit mer p\u00e5, de har f\u00f6ljt v\u00e5r playbook b\u00e4ttre och intensiteten i matcherna. Ingen match \u00e4r felfri, jag har sett fel i alla matcher jag kollat p\u00e5 den h\u00e4r s\u00e4songen. Men det kan lagen s\u00e4ga om sina spelare ocks\u00e5. Vi har generellt sett varit b\u00e4ttre i \u00e5r, men vi kommer alltid missa saker. S\u00e5 \u00e4r det bara, avslutar Thorsbrink.\u00a0<\/p>\n","protected":false},"excerpt":{"rendered":"Publicerad 29 okt 2025 kl 11.22Uppdaterad kl 11.29 Anton Blomqvist rasade \u00f6ver domarinsatsen i m\u00f6tet mellan Link\u00f6ping och&hellip;\n","protected":false},"author":2,"featured_media":67390,"comment_status":"","ping_status":"","sticky":false,"template":"","format":"standard","meta":{"footnotes":""},"categories":[5],"tags":[22,23,26,27,17,21,24,25,28,29,15,16,1354,1179,18,34,255,823,31,33,32,30,19,20],"class_list":{"0":"post-67389","1":"post","2":"type-post","3":"status-publish","4":"format-standard","5":"has-post-thumbnail","7":"category-rubriker","8":"tag-breaking-news","9":"tag-breakingnews","10":"tag-featured-news","11":"tag-featurednews","12":"tag-headlines","13":"tag-huvudnyheter","14":"tag-latest-news","15":"tag-latestnews","16":"tag-main-news","17":"tag-mainnews","18":"tag-news","19":"tag-nyheter","20":"tag-organization-hv71","21":"tag-organization-shl","22":"tag-rubriker","23":"tag-se","24":"tag-sections-ishockey","25":"tag-sections-shl","26":"tag-svenska","27":"tag-sverige","28":"tag-sweden","29":"tag-swedish","30":"tag-top-stories","31":"tag-topstories"},"share_on_mastodon":{"url":"https:\/\/pubeurope.com\/@se\/115458276313959200","error":""},"_links":{"self":[{"href":"https:\/\/www.europesays.com\/se\/wp-json\/wp\/v2\/posts\/67389","targetHints":{"allow":["GET"]}}],"collection":[{"href":"https:\/\/www.europesays.com\/se\/wp-json\/wp\/v2\/posts"}],"about":[{"href":"https:\/\/www.europesays.com\/se\/wp-json\/wp\/v2\/types\/post"}],"author":[{"embeddable":true,"href":"https:\/\/www.europesays.com\/se\/wp-json\/wp\/v2\/users\/2"}],"replies":[{"embeddable":true,"href":"https:\/\/www.europesays.com\/se\/wp-json\/wp\/v2\/comments?post=67389"}],"version-history":[{"count":0,"href":"https:\/\/www.europesays.com\/se\/wp-json\/wp\/v2\/posts\/67389\/revisions"}],"wp:featuredmedia":[{"embeddable":true,"href":"https:\/\/www.europesays.com\/se\/wp-json\/wp\/v2\/media\/67390"}],"wp:attachment":[{"href":"https:\/\/www.europesays.com\/se\/wp-json\/wp\/v2\/media?parent=67389"}],"wp:term":[{"taxonomy":"category","embeddable":true,"href":"https:\/\/www.europesays.com\/se\/wp-json\/wp\/v2\/categories?post=67389"},{"taxonomy":"post_tag","embeddable":true,"href":"https:\/\/www.europesays.com\/se\/wp-json\/wp\/v2\/tags?post=67389"}],"curies":[{"name":"wp","href":"https:\/\/api.w.org\/{rel}","templated":true}]}}