{"id":67406,"date":"2025-10-29T16:24:31","date_gmt":"2025-10-29T16:24:31","guid":{"rendered":"https:\/\/www.europesays.com\/se\/67406\/"},"modified":"2025-10-29T16:24:31","modified_gmt":"2025-10-29T16:24:31","slug":"pang-i-bygget-stjarnan-prunella-scales-dod-blev-93","status":"publish","type":"post","link":"https:\/\/www.europesays.com\/se\/67406\/","title":{"rendered":"\u201dPang i bygget\u201d-stj\u00e4rnan Prunella Scales d\u00f6d \u2013 blev 93"},"content":{"rendered":"<p>Den brittiska sk\u00e5despelaren Prunella Scales \u00e4r d\u00f6d, 93 \u00e5r gammal, rapporterar brittiska medier. Scales \u00e4r mest k\u00e4nd f\u00f6r rollen som Sybil Fawlty i \u201dPang i bygget\u201d d\u00e4r hon spelade mot John Cleese. <\/p>\n<p>I ett uttalande meddelar familjen att Scales avled fridfullt i hemmet i London under m\u00e5ndagen. Enligt uttalande tittade hon p\u00e5 \u201dPang i bygget\u201d dagen innan hon dog. <\/p>\n<p>Ut\u00f6ver rollen som Sybil Fawlty uppm\u00e4rksammades Scales bel\u00f6nades Scalas med en Bafta-nominering f\u00f6r sin tolkning av drottning Elizabeth II i tv-pj\u00e4sen \u201dA Question of Attribution\u201d fr\u00e5n 1991, skriver BBC. <\/p>\n<p>Omni \u00e4r politiskt obundna och oberoende. Vi str\u00e4var efter att ge fler perspektiv p\u00e5 nyheterna. Har du fr\u00e5gor eller synpunkter kring v\u00e5r rapportering? <a href=\"https:\/\/omni.se\/pang-i-bygget-skadespelerskan-dod\/a\/mailto:redaktion@omni.se\" class=\"ArticleActions_contactLink__W2F1M\" rel=\"nofollow noopener\" target=\"_blank\">Kontakta redaktionen<\/a><\/p>\n","protected":false},"excerpt":{"rendered":"Den brittiska sk\u00e5despelaren Prunella Scales \u00e4r d\u00f6d, 93 \u00e5r gammal, rapporterar brittiska medier. Scales \u00e4r mest k\u00e4nd f\u00f6r&hellip;\n","protected":false},"author":2,"featured_media":67407,"comment_status":"","ping_status":"","sticky":false,"template":"","format":"standard","meta":{"footnotes":""},"categories":[67],"tags":[104,168,34,31,33,32,30,105],"class_list":{"0":"post-67406","1":"post","2":"type-post","3":"status-publish","4":"format-standard","5":"has-post-thumbnail","7":"category-underhallning","8":"tag-entertainment","9":"tag-film-tv","10":"tag-se","11":"tag-svenska","12":"tag-sverige","13":"tag-sweden","14":"tag-swedish","15":"tag-underhallning"},"share_on_mastodon":{"url":"https:\/\/pubeurope.com\/@se\/115458386336497109","error":""},"_links":{"self":[{"href":"https:\/\/www.europesays.com\/se\/wp-json\/wp\/v2\/posts\/67406","targetHints":{"allow":["GET"]}}],"collection":[{"href":"https:\/\/www.europesays.com\/se\/wp-json\/wp\/v2\/posts"}],"about":[{"href":"https:\/\/www.europesays.com\/se\/wp-json\/wp\/v2\/types\/post"}],"author":[{"embeddable":true,"href":"https:\/\/www.europesays.com\/se\/wp-json\/wp\/v2\/users\/2"}],"replies":[{"embeddable":true,"href":"https:\/\/www.europesays.com\/se\/wp-json\/wp\/v2\/comments?post=67406"}],"version-history":[{"count":0,"href":"https:\/\/www.europesays.com\/se\/wp-json\/wp\/v2\/posts\/67406\/revisions"}],"wp:featuredmedia":[{"embeddable":true,"href":"https:\/\/www.europesays.com\/se\/wp-json\/wp\/v2\/media\/67407"}],"wp:attachment":[{"href":"https:\/\/www.europesays.com\/se\/wp-json\/wp\/v2\/media?parent=67406"}],"wp:term":[{"taxonomy":"category","embeddable":true,"href":"https:\/\/www.europesays.com\/se\/wp-json\/wp\/v2\/categories?post=67406"},{"taxonomy":"post_tag","embeddable":true,"href":"https:\/\/www.europesays.com\/se\/wp-json\/wp\/v2\/tags?post=67406"}],"curies":[{"name":"wp","href":"https:\/\/api.w.org\/{rel}","templated":true}]}}