{"id":67432,"date":"2025-10-29T16:59:14","date_gmt":"2025-10-29T16:59:14","guid":{"rendered":"https:\/\/www.europesays.com\/se\/67432\/"},"modified":"2025-10-29T16:59:14","modified_gmt":"2025-10-29T16:59:14","slug":"nordiska-radet-mots-i-stockholm","status":"publish","type":"post","link":"https:\/\/www.europesays.com\/se\/67432\/","title":{"rendered":"Nordiska r\u00e5det m\u00f6ts i Stockholm"},"content":{"rendered":"<p>Publicerad 28 okt 2025 kl 10.35Uppdaterad kl 11.27<\/p>\n<p>I dag tr\u00e4ffades de nordiska ledarna i f\u00f6r Nordiska ministerr\u00e5dets statsministerm\u00f6te i Stockholm.\u00a0<\/p>\n<p>Efter m\u00f6tet hyllar EU-kommissionens ordf\u00f6rande Ursula von der Leye Sverige.\u00a0<\/p>\n<p>\u2013 Ingen g\u00f6r det som ni.<\/p>\n<p><img   alt=\"\"\/><\/p>\n<p>Nordiska r\u00e5dets 77:e session i Stockholm. med F\u00e4r\u00f6arnas lagman Aksel Vilhelmsson Johannesen, Norges statsminister Jonas Gahr St\u00f8re,, \u00c5lands lantr\u00e5d Katrin Sj\u00f6gren, Finlands statsminister Petteri Orpo, Europeiska kommissionens ordf\u00f6rande Ursula von der Leyen, Sveriges statsminister Ulf Kristersson, Danmarks statsminister Mette Frederiksen, Islands statsminister Kristr\u00fan Frostad\u00f3ttir och Nordiska ministerr\u00e5det generalsekreterare Karen Ellemann.<\/p>\n<p>Foto: P\u00e4r B\u00e4ckstr\u00f6m\/TT \/ TT NYHETSBYR\u00c5N<\/p>\n<p>\u00d6ppna bild i helsk\u00e4rm<\/p>\n<p>Statsminister <a href=\"https:\/\/www.expressen.se\/tagg\/person\/ulf-kristersson\/\" class=\"\" rel=\"nofollow noopener\" target=\"_blank\">Ulf Kristersson<\/a> (M) tog p\u00e5 tisdagen emot de \u00f6vriga nordiska l\u00e4ndernas statsministrar och EU-kommissionens ordf\u00f6rande Ursula von der Leyen. De har diskuterat l\u00e4ndernas f\u00f6rs\u00f6rjningsberedskap inf\u00f6r kriser och krig och nordisk och europeisk konkurrenskraft.<\/p>\n<p>Efter m\u00f6tet h\u00f6lls en presskonferens. D\u00e4r hyllar Ursula von der Leyen hyllar nordisk beredskap.\u00a0<\/p>\n<p>\u2013 Jag t\u00e4nker p\u00e5 de nordiska l\u00e4nderna som polstj\u00e4rnan. V\u00e4ldigt ofta visar ni v\u00e4gen, s\u00e4ger hon. N\u00e4r det g\u00e4ller beredskap tror jag att vi kan vara \u00f6verens om att ingen g\u00f6r det som ni.<\/p>\n<p>Hon hyllar \u00e4ven Sveriges gr\u00f6na omst\u00e4llning \u201dinf\u00f6r en clean tech framtid\u201d. \u00a0<\/p>\n<p>\u2013 F\u00f6r inte l\u00e4ngesen f\u00f6rlitade ni er p\u00e5 fossila br\u00e4nslen. I dag kommer 99 procent av Sveriges energi fr\u00e5n f\u00f6rnyelsebara k\u00e4llor och k\u00e4rnkraft. Det \u00e4r en l\u00e4xa f\u00f6r hela Europa. Ni var fokuserade p\u00e5 m\u00e5let men var flexibla i hur man skulle ta sig dit. Och ni lyckades, s\u00e4ger hon.\u00a0<\/p>\n<p>\u201dStarkare tillsammans\u201d<\/p>\n<p>Vid m\u00f6tet deltog f\u00f6rutom Kristersson och von der Leyen \u00e4ven ledarna fr\u00e5n Danmark, Finland, Island, Norge, F\u00e4r\u00f6arna och \u00c5land.\u00a0<\/p>\n<p>Finlands statsminister Petteri Orpo s\u00e4ger att kriget i Ukraina gjort nordiska regionen en \u201dhotspot\u201d som f\u00f6r\u00e4ndrat hur nordiska l\u00e4nderna jobbar.\u00a0<\/p>\n<p>\u2013 Vi vet att vi m\u00e5ste jobba tillsammans f\u00f6r att bli starkare. Det har vi diskuterat i dag.<\/p>\n<p>Morgonens m\u00f6te har ingett hopp, s\u00e4ger Katrin Sj\u00f6gren, lantr\u00e5d f\u00f6r \u00c5land och framh\u00e5ller att Norden m\u00e5ste st\u00e5 samman och Europa m\u00e5ste st\u00e5 samman.\u00a0<\/p>\n<p>\u00c4ven Mette Frederiksen lyfter f\u00f6rsvaret.\u00a0<\/p>\n<p>\u2013 Just nu m\u00f6ter vi de st\u00f6rsta hoten sedan Andra V\u00e4rldskriget. Ryssland f\u00f6rs\u00f6ker f\u00f6rsvaga v\u00e5ra samh\u00e4llen och dela oss. De ska veta att de aldrig kommer lyckas. Vi m\u00e5ste forts\u00e4tta v\u00e5rt starka st\u00f6d till Ukraina. De \u00e4r v\u00e5r f\u00f6rsta f\u00f6rsvarslinje inom EU. De \u00e4r en del av Europeiska unionen och v\u00e5r kontinent.\u00a0<\/p>\n<p>\u2013 Vi m\u00e5ste ocks\u00e5 rusta upp, vi m\u00e5ste kunna f\u00f6rsvara oss vid 2030 som senast. Alla inom nordiska regionen vill jobba n\u00e4rmare ihop, s\u00e4ger hon.\u00a0<\/p>\n<p>De nordiska l\u00e4nderna ska \u00e4ven jobba n\u00e4rmare vad g\u00e4ller ekonomi, konkurrens, tech och gr\u00f6n omst\u00e4llning framkommer under presskonferensen.\u00a0<\/p>\n<p>Nordiska r\u00e5det och nordiska ministerr\u00e5det<\/p>\n<p>Nordiska r\u00e5det \u00e4r de nordiska parlamentens samarbetsorgan.\u00a0<\/p>\n<p>Nordiska r\u00e5dets session \u00e4r Nordens st\u00f6rsta politiska toppm\u00f6te som varje \u00e5r samlar bland annat talm\u00e4n, parlamentariker, statsministrar, regeringsledare, Nordenministrar och utrikesministrar fr\u00e5n alla nordiska l\u00e4nder.\u00a0<\/p>\n<p>Deltar g\u00f6r ledarna f\u00f6r Danmark, Finland, F\u00e4r\u00f6arna, Island, Norge, Sverige och \u00c5land, samt EU-kommissionens ordf\u00f6rande Ursula von der Leyen.<\/p>\n<p>Visa mer<\/p>\n","protected":false},"excerpt":{"rendered":"Publicerad 28 okt 2025 kl 10.35Uppdaterad kl 11.27 I dag tr\u00e4ffades de nordiska ledarna i f\u00f6r Nordiska ministerr\u00e5dets&hellip;\n","protected":false},"author":2,"featured_media":67433,"comment_status":"","ping_status":"","sticky":false,"template":"","format":"standard","meta":{"footnotes":""},"categories":[14],"tags":[22,23,26,27,17,21,24,25,28,29,15,16,530,18,34,583,31,33,32,30,19,20,51,52,53,54],"class_list":{"0":"post-67432","1":"post","2":"type-post","3":"status-publish","4":"format-standard","5":"has-post-thumbnail","7":"category-varlden","8":"tag-breaking-news","9":"tag-breakingnews","10":"tag-featured-news","11":"tag-featurednews","12":"tag-headlines","13":"tag-huvudnyheter","14":"tag-latest-news","15":"tag-latestnews","16":"tag-main-news","17":"tag-mainnews","18":"tag-news","19":"tag-nyheter","20":"tag-person-ulf-kristersson","21":"tag-rubriker","22":"tag-se","23":"tag-sections-politik","24":"tag-svenska","25":"tag-sverige","26":"tag-sweden","27":"tag-swedish","28":"tag-top-stories","29":"tag-topstories","30":"tag-varlden","31":"tag-world","32":"tag-world-news","33":"tag-worldnews"},"share_on_mastodon":{"url":"https:\/\/pubeurope.com\/@se\/115458524004007982","error":""},"_links":{"self":[{"href":"https:\/\/www.europesays.com\/se\/wp-json\/wp\/v2\/posts\/67432","targetHints":{"allow":["GET"]}}],"collection":[{"href":"https:\/\/www.europesays.com\/se\/wp-json\/wp\/v2\/posts"}],"about":[{"href":"https:\/\/www.europesays.com\/se\/wp-json\/wp\/v2\/types\/post"}],"author":[{"embeddable":true,"href":"https:\/\/www.europesays.com\/se\/wp-json\/wp\/v2\/users\/2"}],"replies":[{"embeddable":true,"href":"https:\/\/www.europesays.com\/se\/wp-json\/wp\/v2\/comments?post=67432"}],"version-history":[{"count":0,"href":"https:\/\/www.europesays.com\/se\/wp-json\/wp\/v2\/posts\/67432\/revisions"}],"wp:featuredmedia":[{"embeddable":true,"href":"https:\/\/www.europesays.com\/se\/wp-json\/wp\/v2\/media\/67433"}],"wp:attachment":[{"href":"https:\/\/www.europesays.com\/se\/wp-json\/wp\/v2\/media?parent=67432"}],"wp:term":[{"taxonomy":"category","embeddable":true,"href":"https:\/\/www.europesays.com\/se\/wp-json\/wp\/v2\/categories?post=67432"},{"taxonomy":"post_tag","embeddable":true,"href":"https:\/\/www.europesays.com\/se\/wp-json\/wp\/v2\/tags?post=67432"}],"curies":[{"name":"wp","href":"https:\/\/api.w.org\/{rel}","templated":true}]}}