{"id":6751,"date":"2025-08-17T06:34:17","date_gmt":"2025-08-17T06:34:17","guid":{"rendered":"https:\/\/www.europesays.com\/se\/6751\/"},"modified":"2025-08-17T06:34:17","modified_gmt":"2025-08-17T06:34:17","slug":"00-talets-frisyrer-heta-igen-se-alla-stilarna-har","status":"publish","type":"post","link":"https:\/\/www.europesays.com\/se\/6751\/","title":{"rendered":"00-talets frisyrer heta igen \u2013 se alla stilarna h\u00e4r"},"content":{"rendered":"<p>Publicerad 17 aug 2025 kl 07.00<\/p>\n<p>Funderar du p\u00e5 ny frisyr inf\u00f6r h\u00f6sten?<\/p>\n<p>Satsa p\u00e5 en gammal goding i st\u00e4llet!<\/p>\n<p>Nu \u00e4r n\u00e4mligen de hetaste frisyrerna fr\u00e5n millenieskiftet supertrendiga igen.<\/p>\n<p>Dela artikel<\/p>\n<p>Kopiera l\u00e4nk<\/p>\n<p>L\u00e4nk kopierad<\/p>\n<p><img   alt=\"Vilken \u00e4r din favorit bland 00-talets trendiga frisyrer?\"\/><\/p>\n<p>Vilken \u00e4r din favorit bland 00-talets trendiga frisyrer? Foto: TT \/ Copyright (c) Mary Evans Pictures, Courtesy Everett Collection \/ TT, EVERETT COLLECTION\/IBL, FIONA HANSON \/ EPA, Mediapunch\/REX \/ Shutterstock Editorial \/ TT<\/p>\n<p>00-talet har g\u00e5tt igen i modet under flera \u00e5r, och nu n\u00e5r trenden \u00e4nda ut i h\u00e5rtopparna. En rad av millenieskiftets it-frisyrer syns flitigt b\u00e5de p\u00e5 Tiktok, r\u00f6da mattan och catwalken, och experterna menar att det kan bero p\u00e5 det oroliga v\u00e4rldsl\u00e4get.<\/p>\n<p>\u201dEfterfr\u00e5gan p\u00e5 nostalgisk sk\u00f6nhet har \u00f6kat eftersom m\u00e4nniskor s\u00f6ker tr\u00f6st i det bekanta\u201d, s\u00e4ger Clare Varga, sk\u00f6nhetschef p\u00e5 trendbyr\u00e5n WGSN, till <a href=\"https:\/\/www.vogue.co.uk\/beauty\/article\/y2k-hairstyles\" rel=\"nofollow noopener\" target=\"_blank\">Vogue<\/a>.<\/p>\n<p>Frisyrerna h\u00e4mtar inspiration fr\u00e5n det sena 90-talets och tidiga 2000-talet popul\u00e4rkultur-ikoner. Vi listar n\u00e5gra av de hetaste klippen och stylingarna med doft att Y2K.<\/p>\n<p>Spretig knut<img loading=\"lazy\"   alt=\"Gwen Stefani gjorde den spretiga knuten till sitt signum.\"\/><\/p>\n<p>Gwen Stefani gjorde den spretiga knuten till sitt signum. Foto: Mediapunch\/REX \/ Shutterstock Editorial \/ TT<\/p>\n<p>Den spretiga knuten \u00e4r tvekl\u00f6st den nostalgiska h\u00e5rtrend som f\u00e5tt st\u00f6rst genomslag 2005, och tagit sig \u00e4nda in i modets finrum under haute couture-veckan i Paris.<\/p>\n<p>N\u00e4r det begav sig frontade artisten <strong>Gwen Stefani<\/strong> sitt No Doubt i punkiga h\u00e5rupps\u00e4ttningar, i dag b\u00e4rs liknande frisyrer av trends\u00e4ttare som <strong>Gigi Hadid <\/strong>och <strong>Billie Eilish<\/strong>.<\/p>\n<p><img loading=\"lazy\"   alt=\"Gigi Hadid.\"\/><\/p>\n<p>Gigi Hadid. Foto: Evan Agostini \/ TT NYHETSBYR\u00c5N \/ AP<\/p>\n<p><img loading=\"lazy\"   alt=\"Billie Eilish.\"\/><\/p>\n<p>Billie Eilish. Foto: Rich Polk\/Golden Globes 2024 \/ TT \/ CAMERA PRESS\/ED\/JL\/HFPA<\/p>\n<p><img loading=\"lazy\"   alt=\"Modell p\u00e5 Chanels runway under haute couture-veckan i Paris.\"\/><\/p>\n<p>Modell p\u00e5 Chanels runway under haute couture-veckan i Paris. Foto: CYRIL PECQUENARD\/SIPA\/Shutterstock \/ TT<\/p>\n<p>Mikro-fl\u00e4tor<img loading=\"lazy\"   alt=\"Brandy var mikrofl\u00e4tornas drottning vid millenieskiftet.\"\/><\/p>\n<p>Brandy var mikrofl\u00e4tornas drottning vid millenieskiftet. Foto: Courtesy Everett Collection \/ Courtesy Everett Collection \/ TT NYHETSBYR\u00c5N<\/p>\n<p>Vid millenieskiftet var artisten och sk\u00e5despelaren<strong> Brandy<\/strong> drottningen av mikrofl\u00e4tor. I dag regerar efterf\u00f6ljare som <strong>Beyonc\u00e9<\/strong> och <strong>Zo\u00eb Kravitz<\/strong>.<\/p>\n<p><a href=\"https:\/\/www.instagram.com\/p\/DFlmSMGyf0k\/?hidecaption=true\" data-provider=\"instagram\" class=\"js-social-embed\" rel=\"nofollow noopener\" target=\"_blank\">https:\/\/www.instagram.com\/p\/DFlmSMGyf0k\/?hidecaption=true<\/a><img loading=\"lazy\"   alt=\"Zo\u00eb Kravitz stylar ofta sitt h\u00e5r i mikrofl\u00e4tor.\"\/><\/p>\n<p>Zo\u00eb Kravitz stylar ofta sitt h\u00e5r i mikrofl\u00e4tor. Foto: Stephen Lovekin\/Shutterstock \/ Shutterstock Editorial \/ TT NYHETSBYR\u00c5N \/ Copyrig<\/p>\n<p>The Rachel<img loading=\"lazy\"   alt=\"Jennifer Aniston i \u201dV\u00e4nner\u201d.\"\/><\/p>\n<p>Jennifer Aniston i \u201dV\u00e4nner\u201d. Foto: EVERETT COLLECTION\/IBL<\/p>\n<p>Frisyren som p\u00e5 m\u00e5nga s\u00e4tt \u00e4r synonym med perioden kring \u00e5r 2000 fick sitt namn av <strong>Jennifer Anistons <\/strong>\u201dV\u00e4nner\u201d-karakt\u00e4r Rachel Green. Och den gjorde ett outpl\u00e5nligt avtryck i h\u00e5rhistorien.\u00a0<\/p>\n<p>Sk\u00e5despelaren har tidigare sagt att hon sj\u00e4lv inte var n\u00e5got fan av den uppklippta frisyren \u201dThe Rachel\u201d, eftersom hon inte tyckte att hon passade i den och att den var sv\u00e5r att underh\u00e5lla. \u00c4nd\u00e5 \u00e4r hon en av dem som gett sig p\u00e5 den lite l\u00e4ngre, lite mjukare och mer l\u00e4ttburna versionen som nu blivit popul\u00e4r.<\/p>\n<p><a href=\"https:\/\/www.instagram.com\/p\/CmeyZfgPk1U\/?utm_source=ig_embed?hidecaption=true\" data-provider=\"instagram\" class=\"js-social-embed\" rel=\"nofollow noopener\" target=\"_blank\">https:\/\/www.instagram.com\/p\/CmeyZfgPk1U\/?utm_source=ig_embed?hidecaption=true<\/a><img loading=\"lazy\"   alt=\"Jennifer Aniston p\u00e5 Golden globe-galan i en uppdaterad \u201dThe Rachel\u201d.\"\/><\/p>\n<p>Jennifer Aniston p\u00e5 Golden globe-galan i en uppdaterad \u201dThe Rachel\u201d. Foto: MATT BARON\/BEI\/SHUTTERSTOCK \/ SHUTTERSTOCK EDITORIAL\/IBL<\/p>\n<p>Spikrakt<img loading=\"lazy\"   alt=\"Britney Spears 2006.\"\/><\/p>\n<p>Britney Spears 2006. Foto: Kevork Djansezian \/ AP \/ TT NYHETSBYR\u00c5N<\/p>\n<p>Det \u00e4r sv\u00e5rt att hitta n\u00e5gon stj\u00e4rna som inte valde att platta h\u00e5ret superrakt under 00-talet. I I dag f\u00f6ljer stj\u00e4rnor som<strong> Emily Ratajkowski<\/strong> i Beyonc\u00e9s och <strong>Britney Spears <\/strong>fotsp\u00e5r.<\/p>\n<p><img loading=\"lazy\"   alt=\"Beyonc\u00e9 2003.\"\/><\/p>\n<p>Beyonc\u00e9 2003. Foto: TT \/ Copyright (c) Mary Evans Picture<\/p>\n<p><a href=\"https:\/\/www.instagram.com\/p\/CUUuGQrrVVH\/?img_index=1?hidecaption=true\" data-provider=\"instagram\" class=\"js-social-embed\" rel=\"nofollow noopener\" target=\"_blank\">https:\/\/www.instagram.com\/p\/CUUuGQrrVVH\/?img_index=1?hidecaption=true<\/a>L\u00f6s knut: \u201dThe Pam\u201d<img loading=\"lazy\"   alt=\"Pamela Anderson i sin signaturfrisyr.\"\/><\/p>\n<p>Pamela Anderson i sin signaturfrisyr. Foto: ALBUM\/IBL<\/p>\n<p>90- och 00-talet var en glansperiod f\u00f6r \u201dofixade\u201d frisyrer som gav k\u00e4nslan av att den som bar dem lagt minimalt med tid p\u00e5 styling. <strong>Pamela Andersons<\/strong> l\u00f6st uppsatta h\u00e5rknut med slarviga slingor som ramade in ansiktet var ett paradexempel p\u00e5 detta, och hon har sj\u00e4lv h\u00e4vdat att hon satte upp den med en stringtrosa.\u00a0<\/p>\n<p>Frisyren blev hennes signaturlook och har kommit att kallas \u201dThe Pam\u201d.<\/p>\n<p><img loading=\"lazy\"   alt=\"Kim Kardashian i \u201dThe Pam\u201d.\"\/><\/p>\n<p>Kim Kardashian i \u201dThe Pam\u201d. Foto: Backgrid\/IBL<\/p>\n<p>De senaste \u00e5ren har s\u00e5v\u00e4l frisyren som Pam sj\u00e4lv gjort uppm\u00e4rksammad comeback, och Anderson-inspirerade h\u00e5r dyker flitigt upp p\u00e5 r\u00f6da mattan och sociala medier.<\/p>\n<p><img loading=\"lazy\"   alt=\"Millie Bobby Brown har anv\u00e4nt Pamela Anderson som inspiration vid flera tillf\u00e4llen.\"\/><\/p>\n<p>Millie Bobby Brown har anv\u00e4nt Pamela Anderson som inspiration vid flera tillf\u00e4llen. Foto: MEGA\/IBL<\/p>\n<p><img loading=\"lazy\"   alt=\"Rihanna i l\u00f6s knut \u00e0 la Y2K.\"\/><\/p>\n<p>Rihanna i l\u00f6s knut \u00e0 la Y2K. Foto: LIKE ROBA \/ BACKGRID\/IBL<\/p>\n<p>F\u00e4rgstarka slingor<img loading=\"lazy\"   alt=\"Christina Aguilera 2000 kallt.\"\/><\/p>\n<p>Christina Aguilera 2000 kallt. Foto: Courtesy Everett Collection \/ TT NYHETSBYR\u00c5N<\/p>\n<p>\u00a0<\/p>\n<p><strong>Christina Aguilera<\/strong> blev ansiktet ut\u00e5t f\u00f6r de breda, maffiga slingorna i stark kontrast mot h\u00e5rets basf\u00e4rg \u2013 g\u00e4rna i ov\u00e4ntade nyanser. Nu syns den i\u00f6gonfallande looken i flera olika inkarnationer. Inte minst har artister som <strong>Billie Eilish<\/strong> och <strong>Dua Lipa <\/strong>anammat den.<\/p>\n<p><img loading=\"lazy\"   alt=\"Billie Eilish leker g\u00e4rna med h\u00e5rf\u00e4rger.\"\/><\/p>\n<p>Billie Eilish leker g\u00e4rna med h\u00e5rf\u00e4rger. Foto: Image Press Agency\/NurPhoto\/Shuttersto \/ Shutterstock Editorial \/ TT<\/p>\n<p>Vill du g\u00e5 all in p\u00e5 Y2K? Fris\u00f6ren <strong>Evanie Frausto<\/strong> tipsar om en Christina Aguilera-inspirerad multif\u00e4rgad look. \u201dDu kan alltid l\u00e4gga till f\u00e4rg med extensions \u2013 det sparar b\u00e5de tid och ger den d\u00e4r chunky highlights-effekten som var s\u00e5 popul\u00e4r i b\u00f6rjan av 2000-talet\u201d, s\u00e4ger hon till Vouge.<\/p>\n<p><img loading=\"lazy\"   alt=\"Dua Lipa kombinerar kontrastrika slingor med en annan 00-talstrend: spretig knut.\"\/><\/p>\n<p>Dua Lipa kombinerar kontrastrika slingor med en annan 00-talstrend: spretig knut. Foto: Image Press Agency \/ SipaUSA \/ TT NYHETSBYR\u00c5N<\/p>\n<p>Zickzack-bena<a href=\"https:\/\/www.instagram.com\/p\/BiUtIf8Hey-\/?utm_source=ig_embed?hidecaption=true\" data-provider=\"instagram\" class=\"js-social-embed\" rel=\"nofollow noopener\" target=\"_blank\">https:\/\/www.instagram.com\/p\/BiUtIf8Hey-\/?utm_source=ig_embed?hidecaption=true<\/a><\/p>\n<p>Millenieskiftets mode och sk\u00f6nhetstrender pr\u00e4glades ofta av lekfullhet, vilket zickzack-benan \u00e4r ett bra ett exempel p\u00e5. <strong>Mandy Moore<\/strong> kombinerade den g\u00e4rna med en extra spretig tofs f\u00f6r maxad trendfaktor, medan <strong>Christina Aguilera<\/strong> valde en mjukare variant.<\/p>\n<p><img loading=\"lazy\"   alt=\"Christina Aguilera.\"\/><\/p>\n<p>Christina Aguilera. Foto: Rights Managed \/ TT NYHETSBYR\u00c5N \/ Mary Evans Picture<\/p>\n<p>I dag \u00e4r modellen <strong>Bella Hadid <\/strong>en av zickzack-benans varmaste anh\u00e4ngare, men hon v\u00e4ljer att styla den p\u00e5 ett mer sobert s\u00e4tt.<\/p>\n<p><a href=\"https:\/\/www.instagram.com\/p\/Bkkkt_ihTLb\/?utm_source=ig_embed\" data-provider=\"instagram\" class=\"js-social-embed\" rel=\"nofollow noopener\" target=\"_blank\">https:\/\/www.instagram.com\/p\/Bkkkt_ihTLb\/?utm_source=ig_embed<\/a>Dubbelknut \/ space buns<img loading=\"lazy\"   alt=\"Bj\u00f6rk \u2013 dubbelknutens drottning.\"\/><\/p>\n<p>Bj\u00f6rk \u2013 dubbelknutens drottning. Foto: Sutton Hibbert\/REX \/ Shutterstock Editorial \/ TT NYHETSBYR\u00c5N \/ Copyrig<\/p>\n<p>P\u00e5 tal om lekfullt: dubbelknuten, eller \u201dspace buns\u201d som de ofta kallas (namnet har de f\u00e5tt fr\u00e5n prinsessan Leias frisyr i \u201dStar Wars\u201d), var favorit hos en rad av d\u00e5tidens trendigaste artister och d\u00f6k upp i varierande former. En av de flitigaste anv\u00e4ndarna var artisten <strong>Bj\u00f6rk<\/strong>, medan <strong>Mel B<\/strong> i Spice Girls bar pophistoriens f\u00f6rmodligen mest omtalade knutar.<\/p>\n<p><img loading=\"lazy\"   alt=\"Mel B i Spice Girls.\"\/><\/p>\n<p>Mel B i Spice Girls. Foto: FIONA HANSON \/ EPA<\/p>\n<p>Numera \u00e4r det stj\u00e4rnor som <strong>Constance Wu<\/strong> och <strong>Katy Perry <\/strong>som f\u00f6r arvet vidare.<\/p>\n<p><img loading=\"lazy\"   alt=\"Constance Wu.\"\/><\/p>\n<p>Constance Wu. Foto: Chris Ashford \/ TT NYHETSBYR\u00c5N \/ CAMERA PRESS<\/p>\n<p><a href=\"https:\/\/www.instagram.com\/p\/ClN8KRMOmzW\/\" data-provider=\"instagram\" class=\"js-social-embed\" rel=\"nofollow noopener\" target=\"_blank\">https:\/\/www.instagram.com\/p\/ClN8KRMOmzW\/<\/a><\/p>\n<p><strong>L\u00c4S MER: <\/strong><a href=\"https:\/\/damernasvarld.expressen.se\/skonhet\/solen-forstor-ditt-har-knepen-som-ger-glansigt-och-frissfritt-har-i-sommar\/\" data-click-url=\"https:\/\/damernasvarld.expressen.se\/skonhet\/solen-forstor-ditt-har-knepen-som-ger-glansigt-och-frissfritt-har-i-sommar\/\" data-t-type=\"c-t\" data-t-label=\"bodyText-link\" class=\"js-ct\" rel=\"nofollow noopener\" target=\"_blank\"><strong>Solen f\u00f6rst\u00f6r ditt h\u00e5r \u2013 knepen som ger glansigt och frissfritt h\u00e5r i sommar<\/strong><\/a><strong>\u00a0<\/strong><\/p>\n<p><strong>L\u00c4S MER: <\/strong><a href=\"https:\/\/damernasvarld.expressen.se\/skonhet\/navelpiercing-ar-trendigt-igen-for-alla-aldrar-och-kroppar\/\" data-click-url=\"https:\/\/damernasvarld.expressen.se\/skonhet\/navelpiercing-ar-trendigt-igen-for-alla-aldrar-och-kroppar\/\" data-t-type=\"c-t\" data-t-label=\"bodyText-link\" class=\"js-ct\" rel=\"nofollow noopener\" target=\"_blank\"><strong>Navelpiercing \u00e4r trendigt igen \u2013 f\u00f6r alla \u00e5ldrar och kroppar<\/strong><\/a><\/p>\n<p><script async src=\"\/\/www.instagram.com\/embed.js\"><\/script><\/p>\n","protected":false},"excerpt":{"rendered":"Publicerad 17 aug 2025 kl 07.00 Funderar du p\u00e5 ny frisyr inf\u00f6r h\u00f6sten? Satsa p\u00e5 en gammal goding&hellip;\n","protected":false},"author":2,"featured_media":6752,"comment_status":"","ping_status":"","sticky":false,"template":"","format":"standard","meta":{"footnotes":""},"categories":[67],"tags":[1079,1065,1071,1073,1066,1074,104,1070,1069,1064,1067,1076,1077,1075,1078,34,1068,31,33,32,30,105,1072],"class_list":{"0":"post-6751","1":"post","2":"type-post","3":"status-publish","4":"format-standard","5":"has-post-thumbnail","7":"category-underhallning","8":"tag-bella-hadid","9":"tag-beyonce","10":"tag-billie-eilish","11":"tag-britney-spears","12":"tag-christina-aguilera","13":"tag-emily-ratajkowski","14":"tag-entertainment","15":"tag-gigi-hadid","16":"tag-gwen-stefani","17":"tag-harvard","18":"tag-jennifer-aniston","19":"tag-kim-kardshian","20":"tag-millie-bobby-brown","21":"tag-pamela-anderson","22":"tag-rihanna","23":"tag-se","24":"tag-spice-girls","25":"tag-svenska","26":"tag-sverige","27":"tag-sweden","28":"tag-swedish","29":"tag-underhallning","30":"tag-zoe-kravitz"},"share_on_mastodon":{"url":"","error":""},"_links":{"self":[{"href":"https:\/\/www.europesays.com\/se\/wp-json\/wp\/v2\/posts\/6751","targetHints":{"allow":["GET"]}}],"collection":[{"href":"https:\/\/www.europesays.com\/se\/wp-json\/wp\/v2\/posts"}],"about":[{"href":"https:\/\/www.europesays.com\/se\/wp-json\/wp\/v2\/types\/post"}],"author":[{"embeddable":true,"href":"https:\/\/www.europesays.com\/se\/wp-json\/wp\/v2\/users\/2"}],"replies":[{"embeddable":true,"href":"https:\/\/www.europesays.com\/se\/wp-json\/wp\/v2\/comments?post=6751"}],"version-history":[{"count":0,"href":"https:\/\/www.europesays.com\/se\/wp-json\/wp\/v2\/posts\/6751\/revisions"}],"wp:featuredmedia":[{"embeddable":true,"href":"https:\/\/www.europesays.com\/se\/wp-json\/wp\/v2\/media\/6752"}],"wp:attachment":[{"href":"https:\/\/www.europesays.com\/se\/wp-json\/wp\/v2\/media?parent=6751"}],"wp:term":[{"taxonomy":"category","embeddable":true,"href":"https:\/\/www.europesays.com\/se\/wp-json\/wp\/v2\/categories?post=6751"},{"taxonomy":"post_tag","embeddable":true,"href":"https:\/\/www.europesays.com\/se\/wp-json\/wp\/v2\/tags?post=6751"}],"curies":[{"name":"wp","href":"https:\/\/api.w.org\/{rel}","templated":true}]}}