{"id":67531,"date":"2025-10-29T19:57:07","date_gmt":"2025-10-29T19:57:07","guid":{"rendered":"https:\/\/www.europesays.com\/se\/67531\/"},"modified":"2025-10-29T19:57:07","modified_gmt":"2025-10-29T19:57:07","slug":"kampen-ar-over-ljusdals-posten","status":"publish","type":"post","link":"https:\/\/www.europesays.com\/se\/67531\/","title":{"rendered":"Kampen \u00e4r \u00f6ver \u2013 Ljusdals-Posten"},"content":{"rendered":"<p>Ellen Larsson \u00c5hlstr\u00f6m, 17, fr\u00e5n Ljusdal har somnat in. <\/p>\n<p>\u2013 Det fanns hopp in i det sista, men sjukdomen blev \u00f6verm\u00e4ktig, s\u00e4ger hennes pappa Erik Larsson. <\/p>\n<p>Ellen behandlades mot cancer och ingick i en studie i Barcelona, d\u00e4r forskare arbetar med en ny form av immunterapi. <\/p>\n<p>Det var den 12 september som Ellen Larsson \u00c5hlstr\u00f6m reste med sin pappa till Barcelona f\u00f6r att delta i en forskningsstudie f\u00f6r en ny form av immunterapi mot cancer. D\u00e5 var alla m\u00f6jligheter till behandling i Sverige utt\u00f6mda. <\/p>\n<p>Tekniskt fel<\/p>\n<p class=\"message__text txt-ui txt-ui-2\">V\u00e4nligen f\u00f6rs\u00f6k igen senare.<\/p>\n<p>Den h\u00e4r artikeln \u00e4r bara f\u00f6r prenumeranter<\/p>\n<p class=\"txt-body txt-body-1\">Om du redan \u00e4r prenumerant: logga in!<\/p>\n","protected":false},"excerpt":{"rendered":"Ellen Larsson \u00c5hlstr\u00f6m, 17, fr\u00e5n Ljusdal har somnat in. \u2013 Det fanns hopp in i det sista, men&hellip;\n","protected":false},"author":2,"featured_media":67532,"comment_status":"","ping_status":"","sticky":false,"template":"","format":"standard","meta":{"footnotes":""},"categories":[69],"tags":[113,112,34,31,33,32,30],"class_list":{"0":"post-67531","1":"post","2":"type-post","3":"status-publish","4":"format-standard","5":"has-post-thumbnail","7":"category-halsa","8":"tag-halsa","9":"tag-health","10":"tag-se","11":"tag-svenska","12":"tag-sverige","13":"tag-sweden","14":"tag-swedish"},"share_on_mastodon":{"url":"https:\/\/pubeurope.com\/@se\/115459224029172174","error":""},"_links":{"self":[{"href":"https:\/\/www.europesays.com\/se\/wp-json\/wp\/v2\/posts\/67531","targetHints":{"allow":["GET"]}}],"collection":[{"href":"https:\/\/www.europesays.com\/se\/wp-json\/wp\/v2\/posts"}],"about":[{"href":"https:\/\/www.europesays.com\/se\/wp-json\/wp\/v2\/types\/post"}],"author":[{"embeddable":true,"href":"https:\/\/www.europesays.com\/se\/wp-json\/wp\/v2\/users\/2"}],"replies":[{"embeddable":true,"href":"https:\/\/www.europesays.com\/se\/wp-json\/wp\/v2\/comments?post=67531"}],"version-history":[{"count":0,"href":"https:\/\/www.europesays.com\/se\/wp-json\/wp\/v2\/posts\/67531\/revisions"}],"wp:featuredmedia":[{"embeddable":true,"href":"https:\/\/www.europesays.com\/se\/wp-json\/wp\/v2\/media\/67532"}],"wp:attachment":[{"href":"https:\/\/www.europesays.com\/se\/wp-json\/wp\/v2\/media?parent=67531"}],"wp:term":[{"taxonomy":"category","embeddable":true,"href":"https:\/\/www.europesays.com\/se\/wp-json\/wp\/v2\/categories?post=67531"},{"taxonomy":"post_tag","embeddable":true,"href":"https:\/\/www.europesays.com\/se\/wp-json\/wp\/v2\/tags?post=67531"}],"curies":[{"name":"wp","href":"https:\/\/api.w.org\/{rel}","templated":true}]}}