{"id":67537,"date":"2025-10-29T20:06:08","date_gmt":"2025-10-29T20:06:08","guid":{"rendered":"https:\/\/www.europesays.com\/se\/67537\/"},"modified":"2025-10-29T20:06:08","modified_gmt":"2025-10-29T20:06:08","slug":"tekniska-problem-for-tv4-flera-matcher-forsenade-hockeyallsvenskan","status":"publish","type":"post","link":"https:\/\/www.europesays.com\/se\/67537\/","title":{"rendered":"Tekniska problem f\u00f6r TV4 \u2013 flera matcher f\u00f6rsenade | Hockeyallsvenskan"},"content":{"rendered":"<p>Publicerad 29 okt 2025 kl 20.19Uppdaterad kl 21.04<\/p>\n<p>TV4 har tekniska problem.\u00a0<\/p>\n<p>D\u00e4rf\u00f6r har flera matcher i hockeyallsvenskan blivit f\u00f6rsenade.\u00a0<\/p>\n<p>\u201dDet \u00e4r kabelbrott utanf\u00f6r v\u00e5r kontroll\u201d, skriver Ludvig Ternstedt, kommunikationsansvarig p\u00e5 TV4, i ett sms.\u00a0<\/p>\n<p>Nicklas B\u00e4ckstr\u00f6m tillbaka i Tre Kronor<\/p>\n<p>Det var inf\u00f6r den andra perioden i kv\u00e4llens hockeyallsvenska matcher som problemet uppstod.\u00a0<\/p>\n<p>N\u00e4r det var dags f\u00f6r spel efter pausen kom inte matchen i g\u00e5ng och i st\u00e4llet visades ett felmeddelande i rutan.\u00a0<\/p>\n<p>Det var matcherna mellan Vimmerby och Mora samt Oskarshamn och \u00d6stersund som drabbades.\u00a0<\/p>\n<p>\u201dTekniska problem med signal fr\u00e5n arenan. Vi kommer tillbaka till matchen s\u00e5 snart problemet \u00e4r l\u00f6st\u201d, stod det i s\u00e4ndningen.\u00a0<\/p>\n<p>Spelarna l\u00e4mnade isen<\/p>\n<p>Inte bara tittarna fick v\u00e4nta p\u00e5 matchen att forts\u00e4tta, utan hela tillst\u00e4llningen sk\u00f6ts upp och spelarna gick in i omkl\u00e4dningsrummet.\u00a0<\/p>\n<p>Enligt <a href=\"https:\/\/www.barometern.se\/sport\/har-foljer-du-ik-oskarshamns-match-mot-ostersund\/\" rel=\"nofollow noopener\" target=\"_blank\">Barometern<\/a> var anledningen till avbrottet i Oskarshamn omfattande internetproblem av mer avancerat slag. Tidningen skriver att speakern ska ha h\u00e4nvisat till \u201datt halva v\u00e4rldens internet ligger nere\u201d, vilket rapporterades <a href=\"https:\/\/www.expressen.se\/ekonomi\/internet-nere-i-halva-varlden\/\" rel=\"nofollow noopener\" target=\"_blank\">tidigare under tisdagen<\/a>.\u00a0<\/p>\n<p>Tvingades till n\u00f6dl\u00f6sning<\/p>\n<p>Vid 20.20-tiden kunde matcherna komma i g\u00e5ng, men utan full produktion och med s\u00e4mre kamerakvalitet.\u00a0<\/p>\n<p>\u201dDet \u00e4r kabelbrott utanf\u00f6r v\u00e5r kontroll som drabbar matcherna. Hockeyallsvenskan h\u00f6ll matcherna i n\u00e5gra minuter s\u00e5 vi kunde f\u00e5 v\u00e5r n\u00f6dl\u00f6sning p\u00e5 plats. Vi ska nu kunna f\u00e5 ut b\u00e5da matcherna, men ej med fullskalig produktion\u201d, skriver Ludvig Ternstedt, kommunikationsansvarig p\u00e5 TV4, i ett sms.\u00a0<\/p>\n<p>Enligt uppgifter till Expressen spelades matcherna klart utan m\u00e5lkameror. En representant fr\u00e5n en av klubbarna, som inte vill bli citerad, ber\u00e4ttar att man fick v\u00e4lja mellan att spela klart utan kameror eller bryta matchen och spela klart en annan dag.\u00a0<\/p>\n","protected":false},"excerpt":{"rendered":"Publicerad 29 okt 2025 kl 20.19Uppdaterad kl 21.04 TV4 har tekniska problem.\u00a0 D\u00e4rf\u00f6r har flera matcher i hockeyallsvenskan&hellip;\n","protected":false},"author":2,"featured_media":319,"comment_status":"","ping_status":"","sticky":false,"template":"","format":"standard","meta":{"footnotes":""},"categories":[68],"tags":[641,34,130,255,111,110,31,33,32,30],"class_list":{"0":"post-67537","1":"post","2":"type-post","3":"status-publish","4":"format-standard","5":"has-post-thumbnail","7":"category-sport","8":"tag-organization-hockeyallsvenskan","9":"tag-se","10":"tag-sections-allsvenskan","11":"tag-sections-ishockey","12":"tag-sport","13":"tag-sports","14":"tag-svenska","15":"tag-sverige","16":"tag-sweden","17":"tag-swedish"},"share_on_mastodon":{"url":"https:\/\/pubeurope.com\/@se\/115459259369797547","error":""},"_links":{"self":[{"href":"https:\/\/www.europesays.com\/se\/wp-json\/wp\/v2\/posts\/67537","targetHints":{"allow":["GET"]}}],"collection":[{"href":"https:\/\/www.europesays.com\/se\/wp-json\/wp\/v2\/posts"}],"about":[{"href":"https:\/\/www.europesays.com\/se\/wp-json\/wp\/v2\/types\/post"}],"author":[{"embeddable":true,"href":"https:\/\/www.europesays.com\/se\/wp-json\/wp\/v2\/users\/2"}],"replies":[{"embeddable":true,"href":"https:\/\/www.europesays.com\/se\/wp-json\/wp\/v2\/comments?post=67537"}],"version-history":[{"count":0,"href":"https:\/\/www.europesays.com\/se\/wp-json\/wp\/v2\/posts\/67537\/revisions"}],"wp:featuredmedia":[{"embeddable":true,"href":"https:\/\/www.europesays.com\/se\/wp-json\/wp\/v2\/media\/319"}],"wp:attachment":[{"href":"https:\/\/www.europesays.com\/se\/wp-json\/wp\/v2\/media?parent=67537"}],"wp:term":[{"taxonomy":"category","embeddable":true,"href":"https:\/\/www.europesays.com\/se\/wp-json\/wp\/v2\/categories?post=67537"},{"taxonomy":"post_tag","embeddable":true,"href":"https:\/\/www.europesays.com\/se\/wp-json\/wp\/v2\/tags?post=67537"}],"curies":[{"name":"wp","href":"https:\/\/api.w.org\/{rel}","templated":true}]}}