{"id":67555,"date":"2025-10-29T20:29:42","date_gmt":"2025-10-29T20:29:42","guid":{"rendered":"https:\/\/www.europesays.com\/se\/67555\/"},"modified":"2025-10-29T20:29:42","modified_gmt":"2025-10-29T20:29:42","slug":"domd-pedofiljagare-smygfilmade-flickor","status":"publish","type":"post","link":"https:\/\/www.europesays.com\/se\/67555\/","title":{"rendered":"D\u00f6md \u201dpedofilj\u00e4gare\u201d smygfilmade flickor"},"content":{"rendered":"<p>En 22-\u00e5rig man kopplad till medborgargardet \u201dPedo hunting Sweden\u201d d\u00f6ms f\u00f6r barnpornografibrott och kr\u00e4nkande fotografering, rapporterar TT. Mannen har smygfilmat flickor i ett omkl\u00e4dningsrum p\u00e5 en skola i \u00d6rnsk\u00f6ldsvik.<\/p>\n<p>Mannen har tillsammans med fyra andra unga m\u00e4n i\u202fdag d\u00f6mts f\u00f6r grov misshandel efter att ha \u00f6verfallit och filmat en man som de lockat ut via en dejtingapp.<\/p>\n<p>Misstankarna om barnpornografi uppdagades under utredningens g\u00e5ng.<\/p>\n<p>Omni \u00e4r politiskt obundna och oberoende. Vi str\u00e4var efter att ge fler perspektiv p\u00e5 nyheterna. Har du fr\u00e5gor eller synpunkter kring v\u00e5r rapportering? <a href=\"https:\/\/omni.se\/domd-pedofiljagare-doms-for-banrpornografibrott\/a\/mailto:redaktion@omni.se\" class=\"ArticleActions_contactLink__W2F1M\" rel=\"nofollow noopener\" target=\"_blank\">Kontakta redaktionen<\/a><\/p>\n","protected":false},"excerpt":{"rendered":"En 22-\u00e5rig man kopplad till medborgargardet \u201dPedo hunting Sweden\u201d d\u00f6ms f\u00f6r barnpornografibrott och kr\u00e4nkande fotografering, rapporterar TT. Mannen&hellip;\n","protected":false},"author":2,"featured_media":67556,"comment_status":"","ping_status":"","sticky":false,"template":"","format":"standard","meta":{"footnotes":""},"categories":[5],"tags":[22,23,128,26,27,17,21,24,25,28,29,15,16,2882,18,34,31,33,32,30,19,20,2883],"class_list":{"0":"post-67555","1":"post","2":"type-post","3":"status-publish","4":"format-standard","5":"has-post-thumbnail","7":"category-rubriker","8":"tag-breaking-news","9":"tag-breakingnews","10":"tag-brott","11":"tag-featured-news","12":"tag-featurednews","13":"tag-headlines","14":"tag-huvudnyheter","15":"tag-latest-news","16":"tag-latestnews","17":"tag-main-news","18":"tag-mainnews","19":"tag-news","20":"tag-nyheter","21":"tag-ornskoldsvik","22":"tag-rubriker","23":"tag-se","24":"tag-svenska","25":"tag-sverige","26":"tag-sweden","27":"tag-swedish","28":"tag-top-stories","29":"tag-topstories","30":"tag-vasternorrlands-lan"},"share_on_mastodon":{"url":"https:\/\/pubeurope.com\/@se\/115459349787095007","error":""},"_links":{"self":[{"href":"https:\/\/www.europesays.com\/se\/wp-json\/wp\/v2\/posts\/67555","targetHints":{"allow":["GET"]}}],"collection":[{"href":"https:\/\/www.europesays.com\/se\/wp-json\/wp\/v2\/posts"}],"about":[{"href":"https:\/\/www.europesays.com\/se\/wp-json\/wp\/v2\/types\/post"}],"author":[{"embeddable":true,"href":"https:\/\/www.europesays.com\/se\/wp-json\/wp\/v2\/users\/2"}],"replies":[{"embeddable":true,"href":"https:\/\/www.europesays.com\/se\/wp-json\/wp\/v2\/comments?post=67555"}],"version-history":[{"count":0,"href":"https:\/\/www.europesays.com\/se\/wp-json\/wp\/v2\/posts\/67555\/revisions"}],"wp:featuredmedia":[{"embeddable":true,"href":"https:\/\/www.europesays.com\/se\/wp-json\/wp\/v2\/media\/67556"}],"wp:attachment":[{"href":"https:\/\/www.europesays.com\/se\/wp-json\/wp\/v2\/media?parent=67555"}],"wp:term":[{"taxonomy":"category","embeddable":true,"href":"https:\/\/www.europesays.com\/se\/wp-json\/wp\/v2\/categories?post=67555"},{"taxonomy":"post_tag","embeddable":true,"href":"https:\/\/www.europesays.com\/se\/wp-json\/wp\/v2\/tags?post=67555"}],"curies":[{"name":"wp","href":"https:\/\/api.w.org\/{rel}","templated":true}]}}