{"id":67593,"date":"2025-10-29T21:54:14","date_gmt":"2025-10-29T21:54:14","guid":{"rendered":"https:\/\/www.europesays.com\/se\/67593\/"},"modified":"2025-10-29T21:54:14","modified_gmt":"2025-10-29T21:54:14","slug":"overraskning-i-nederlandska-parlamentsvalet-mittenparti-i-ledning-utrikes","status":"publish","type":"post","link":"https:\/\/www.europesays.com\/se\/67593\/","title":{"rendered":"\u00d6verraskning i nederl\u00e4ndska parlamentsvalet- mittenparti i ledning | Utrikes"},"content":{"rendered":"<p class=\"aw-1gybjub aw-5vja16 ghpEtB kjanFo yle__article__paragraph\">Mittenpartiet D66 leder knappt i det nederl\u00e4ndska parlamentsvalet enligt vallokalsunders\u00f6kningar som publicerades direkt efter att vallokalerna hade st\u00e4ngt klockan 22 finsk tid.<\/p>\n<p><img decoding=\"async\" alt=\"Rob Jetten, ledare f\u00f6r D66.\" src=\"https:\/\/www.europesays.com\/se\/wp-content\/uploads\/2025\/10\/39-15457046902788dec6f4.jpeg\" class=\"aw-1l9m598 hKVVvP\"\/><\/p>\n<p>\u00d6ppna bildvisare<\/p>\n<p>Rob Jetten leder mittenpartiet D66. Bild: Hollandse Hoogte\/Shutterstock\/All Over PressLyssna (du h\u00f6r en artificiell r\u00f6st) 3:41<\/p>\n<p class=\"aw-1gybjub aw-1p7kakr ghpEtB jtovHP yle__article__paragraph\">D66 ligger knappt f\u00f6re det h\u00f6gerpopulistiska Frihetspartiet, PVV, som leds av den anti-islamiske politikern <strong class=\"aw-ak79eh KyCXm yle__article__strong\">Geert Wilders<\/strong>.<\/p>\n<p class=\"aw-1gybjub aw-1p7kakr ghpEtB jtovHP yle__article__paragraph\">Det \u00e4r fortfarande f\u00f6r j\u00e4mt f\u00f6r att s\u00e4ga vem som kommer att vinna men enligt unders\u00f6kningarna skulle D66 f\u00e5 27 mandat i parlamentets underhus, en \u00f6kning med 18 j\u00e4mf\u00f6rt med valet \u00e5r 2023, d\u00e4r partiet kom p\u00e5 sj\u00e4tte plats.<\/p>\n<p class=\"aw-1gybjub aw-1p7kakr ghpEtB jtovHP yle__article__paragraph\">Wilders PVV skulle enligt unders\u00f6kningarna som publicerades av den nationella tv-kanalen NOS f\u00f6rlora 12 mandat och sluta p\u00e5 25.<\/p>\n<p class=\"aw-1gybjub aw-1p7kakr ghpEtB jtovHP yle__article__paragraph\">Om D66 blir st\u00f6rst \u00e4r det en historisk seger f\u00f6r partiet.<\/p>\n<p class=\"aw-1gybjub aw-1p7kakr ghpEtB jtovHP yle__article__paragraph\">Vinsten banar v\u00e4g f\u00f6r den 38-\u00e5rige partiledaren <strong class=\"aw-ak79eh KyCXm yle__article__strong\">Rob Jetten<\/strong> att bli den yngsta och f\u00f6rsta \u00f6ppet homosexuella premi\u00e4rministern i Nederl\u00e4nderna.<\/p>\n<p class=\"aw-1gybjub aw-1p7kakr ghpEtB jtovHP yle__article__paragraph\">Jettens popularitet har \u00f6kat kraftigt de senaste m\u00e5naden, d\u00e5 han f\u00f6rde kampanj med ett positivt budskap och lovade ett slut p\u00e5 en politisk era dominerad av Wilders.<\/p>\n<p class=\"aw-1gybjub aw-1p7kakr ghpEtB jtovHP yle__article__paragraph\">Rob Jetten sa p\u00e5 valvakan inf\u00f6r jublande anh\u00e4ngare att v\u00e4ljarna har v\u00e4nt ryggen \u00e5t negativ politik.<\/p>\n<p class=\"aw-1gybjub aw-1p7kakr ghpEtB jtovHP yle__article__paragraph\">\u2013 Miljontals nederl\u00e4ndare har v\u00e4nt blad idag. De har tagit farv\u00e4l av negativitetens och hatets politik, sa Jetten.<\/p>\n<p class=\"aw-1gybjub aw-1p7kakr ghpEtB jtovHP yle__article__paragraph\">Han sa att han k\u00e4nner \u201dett enormt ansvar\u201d att ocks\u00e5 beakta behoven hos andra partiers v\u00e4ljare.<\/p>\n<p class=\"aw-1gybjub aw-1p7kakr ghpEtB jtovHP yle__article__paragraph\">Han tackade alla som tog sig tid att g\u00e5 till vallokalerna.<\/p>\n<p>\u201dV\u00e4ljarna har sagt sitt\u201d<\/p>\n<p class=\"aw-1gybjub aw-1p7kakr ghpEtB jtovHP yle__article__paragraph\">Wilders Frihetsparti tog en brakseger i det senaste parlamentsvalet med 37 av de 150 mandaten i parlamentets underhus.<\/p>\n<p class=\"aw-1gybjub aw-1p7kakr ghpEtB jtovHP yle__article__paragraph\">Partiet har \u00e4nd\u00e5 tappat st\u00f6d efter att Wilders i juni f\u00e4llde regeringen f\u00f6r att han inte fick igenom sin plan f\u00f6r en sk\u00e4rpt invandringspolitik.<\/p>\n<p><img decoding=\"async\" alt=\"Frihetspartiets ledare Geert Wilders.\" src=\"https:\/\/www.europesays.com\/se\/wp-content\/uploads\/2025\/10\/39-154570969027dc81ccb5.jpeg\" loading=\"lazy\" class=\"aw-1l9m598 hKVVvP\"\/><\/p>\n<p>\u00d6ppna bildvisare<\/p>\n<p>Geert Wilders popularitet har minskat sedan han f\u00e4llde regeringen i juni.  Bild: Charles M Vella\/SOPA Images\/Shutterstock\/All Over Press<\/p>\n<p class=\"aw-1gybjub aw-1p7kakr ghpEtB jtovHP yle__article__paragraph\">Wilders s\u00e4ger att han hade hoppats p\u00e5 ett annat resultat.<\/p>\n<p class=\"aw-1gybjub aw-1p7kakr ghpEtB jtovHP yle__article__paragraph\">\u201dV\u00e4ljarna har sagt sitt. Vi hade hoppats p\u00e5 ett annat utfall men vi stod fast vid v\u00e5ra principer,\u201d skriver Wilders p\u00e5 X.<\/p>\n<p class=\"aw-1gybjub aw-1p7kakr ghpEtB jtovHP yle__article__paragraph\">Han gav ocks\u00e5 under kv\u00e4llen kommentarer till reportrar och medgav att hans parti troligen inte kommer att ing\u00e5 i den nya regeringen om D66 bekr\u00e4ftas som valets vinnare.<\/p>\n<p class=\"aw-1gybjub aw-1p7kakr ghpEtB jtovHP yle__article__paragraph\">Han insisterade \u00e4nd\u00e5 p\u00e5 att beslutet att l\u00e4mna den tidigare regeringen, och utl\u00f6sa valet, \u00e4nd\u00e5 var r\u00e4tt och att han inte \u00e5ngrar det.<\/p>\n<p class=\"aw-1gybjub aw-1p7kakr ghpEtB jtovHP yle__article__paragraph\">Samtidigt meddelar den tidigare EU-kommission\u00e4ren <strong class=\"aw-ak79eh KyCXm yle__article__strong\">Frans Timmermans<\/strong> att han avg\u00e5r som ledare f\u00f6r alliansen mellan v\u00e4nsterliberala GroenLinks och arbetarpartiet PvdA efter det nedsl\u00e5ende resultatet i valet.<\/p>\n<p class=\"aw-1gybjub aw-1p7kakr ghpEtB jtovHP yle__article__paragraph\">Enligt vallokalsunders\u00f6kningarna skulle alliansens mandat minska fr\u00e5n 25 till 20.<\/p>\n<p><img decoding=\"async\" alt=\"Frans Timmermans r\u00f6star i nederl\u00e4ndska parlamentsvalet.\" src=\"https:\/\/www.europesays.com\/se\/wp-content\/uploads\/2025\/10\/39-15457126902841b6c4a8.jpeg\" loading=\"lazy\" class=\"aw-1l9m598 hKVVvP\"\/><\/p>\n<p>\u00d6ppna bildvisare<\/p>\n<p>Frans Timmermans var besviken \u00f6ver valresultatet och meddelade att han avg\u00e5r.  Bild: EPAD66 skiftade fokus i valkampanjen<\/p>\n<p class=\"aw-1gybjub aw-1p7kakr ghpEtB jtovHP yle__article__paragraph\">D66 har under den h\u00e4r valkampanjen skiftat fokus j\u00e4mf\u00f6rt med f\u00f6r tv\u00e5 \u00e5r sedan.<\/p>\n<p class=\"aw-1gybjub aw-1p7kakr ghpEtB jtovHP yle__article__paragraph\">D\u00e5 var klimatfr\u00e5gan h\u00f6gst p\u00e5 agendan, nu har D66 fokuserat p\u00e5 demokrati, s\u00e4kerhet och bost\u00e4der.<\/p>\n<p class=\"aw-1gybjub aw-1p7kakr ghpEtB jtovHP yle__article__paragraph\">D66 har f\u00f6reslagit att tio nya st\u00e4der ska byggas f\u00f6r att l\u00f6sa den akuta bostadsbrist som pinar Nederl\u00e4nderna.<\/p>\n<p class=\"aw-1gybjub aw-1p7kakr ghpEtB jtovHP yle__article__paragraph\">Dessutom vill man att r\u00e4nteavdraget f\u00f6r bol\u00e5n ska fasas ut.<\/p>\n<p class=\"aw-1gybjub aw-1p7kakr ghpEtB jtovHP yle__article__paragraph\">Int\u00e4kterna fr\u00e5n det skulle anv\u00e4ndas till att s\u00e4nka inkomstskatten, vilket enligt partiledaren Jetten skulle gynna alla samtidigt som det d\u00e4mpar prisutvecklingen p\u00e5 bostadsmarknaden.<\/p>\n<p class=\"aw-1gybjub aw-1p7kakr ghpEtB jtovHP yle__article__paragraph\">Eftersom det kr\u00e4vs 76 mandat f\u00f6r att bilda en regeringskoalition i Nederl\u00e4ndernas parlament \u00e4r ett m\u00f6jligt scenario nu en allians mellan D66, de konservativa Kristdemokraterna, h\u00f6gerliberala VVD och alliansen GroenLinks-PvdA.<\/p>\n<p class=\"aw-1gybjub aw-1p7kakr ghpEtB jtovHP yle__article__paragraph\">Artikeln uppdateras<\/p>\n","protected":false},"excerpt":{"rendered":"Mittenpartiet D66 leder knappt i det nederl\u00e4ndska parlamentsvalet enligt vallokalsunders\u00f6kningar som publicerades direkt efter att vallokalerna hade st\u00e4ngt&hellip;\n","protected":false},"author":2,"featured_media":67594,"comment_status":"","ping_status":"","sticky":false,"template":"","format":"standard","meta":{"footnotes":""},"categories":[5],"tags":[22,23,26,27,5716,17,21,1742,24,25,28,29,1629,15,16,4291,18,34,31,33,32,30,19,20,237,1636],"class_list":{"0":"post-67593","1":"post","2":"type-post","3":"status-publish","4":"format-standard","5":"has-post-thumbnail","7":"category-rubriker","8":"tag-breaking-news","9":"tag-breakingnews","10":"tag-featured-news","11":"tag-featurednews","12":"tag-geert-wilders","13":"tag-headlines","14":"tag-huvudnyheter","15":"tag-internationell-politik","16":"tag-latest-news","17":"tag-latestnews","18":"tag-main-news","19":"tag-mainnews","20":"tag-nederlanderna","21":"tag-news","22":"tag-nyheter","23":"tag-parlamentsval","24":"tag-rubriker","25":"tag-se","26":"tag-svenska","27":"tag-sverige","28":"tag-sweden","29":"tag-swedish","30":"tag-top-stories","31":"tag-topstories","32":"tag-utrikes","33":"tag-val"},"share_on_mastodon":{"url":"https:\/\/pubeurope.com\/@se\/115459684050915001","error":""},"_links":{"self":[{"href":"https:\/\/www.europesays.com\/se\/wp-json\/wp\/v2\/posts\/67593","targetHints":{"allow":["GET"]}}],"collection":[{"href":"https:\/\/www.europesays.com\/se\/wp-json\/wp\/v2\/posts"}],"about":[{"href":"https:\/\/www.europesays.com\/se\/wp-json\/wp\/v2\/types\/post"}],"author":[{"embeddable":true,"href":"https:\/\/www.europesays.com\/se\/wp-json\/wp\/v2\/users\/2"}],"replies":[{"embeddable":true,"href":"https:\/\/www.europesays.com\/se\/wp-json\/wp\/v2\/comments?post=67593"}],"version-history":[{"count":0,"href":"https:\/\/www.europesays.com\/se\/wp-json\/wp\/v2\/posts\/67593\/revisions"}],"wp:featuredmedia":[{"embeddable":true,"href":"https:\/\/www.europesays.com\/se\/wp-json\/wp\/v2\/media\/67594"}],"wp:attachment":[{"href":"https:\/\/www.europesays.com\/se\/wp-json\/wp\/v2\/media?parent=67593"}],"wp:term":[{"taxonomy":"category","embeddable":true,"href":"https:\/\/www.europesays.com\/se\/wp-json\/wp\/v2\/categories?post=67593"},{"taxonomy":"post_tag","embeddable":true,"href":"https:\/\/www.europesays.com\/se\/wp-json\/wp\/v2\/tags?post=67593"}],"curies":[{"name":"wp","href":"https:\/\/api.w.org\/{rel}","templated":true}]}}