{"id":67750,"date":"2025-10-30T04:57:11","date_gmt":"2025-10-30T04:57:11","guid":{"rendered":"https:\/\/www.europesays.com\/se\/67750\/"},"modified":"2025-10-30T04:57:11","modified_gmt":"2025-10-30T04:57:11","slug":"amin-boudris-svar-efter-uppmarksammade-bilden-allsvenskan","status":"publish","type":"post","link":"https:\/\/www.europesays.com\/se\/67750\/","title":{"rendered":"Amin Boudris svar efter uppm\u00e4rksammade bilden | Allsvenskan"},"content":{"rendered":"<p>Publicerad 29 okt 2025 kl 16.46<\/p>\n<p>Amin Boudri stod i Gais-klacken och h\u00f6ll upp en halsduk med det polisfientliga budskapet \u201d1312\u201d.\u00a0<\/p>\n<p>Nu uttalar han sig om bilderna som spreds.\u00a0<\/p>\n<p>\u2013 Jag trodde det stod Gais eller n\u00e5nting, s\u00e4ger han till <a href=\"https:\/\/www.gp.se\/sport\/fotboll\/gais\/amin-boudris-forsta-ord-efter-halsduksbilden.865d207d-9e35-4752-8a5d-88595bc14d60\" rel=\"nofollow noopener\" target=\"_blank\">GP<\/a>.\u00a0<\/p>\n<p>H\u00e5net mot Hammarby \u2013 mitt i guldfirandet<img   alt=\"\"\/><\/p>\n<p>Amin Boudri.<\/p>\n<p>Foto: JONATHAN N\u00c4CKSTRAND \/ BILDBYR\u00c5N<\/p>\n<p>\u00d6ppna bild i helsk\u00e4rm<\/p>\n<p>I bortamatchen mot BP var <a href=\"https:\/\/www.expressen.se\/tagg\/organization\/gais\/\" class=\"\" rel=\"nofollow noopener\" target=\"_blank\">Gais<\/a>-stj\u00e4rnan Amin Boudri avst\u00e4ngd, men han fanns \u00e4nd\u00e5 p\u00e5 plats p\u00e5 Grimsta IP.\u00a0<\/p>\n<p>21-\u00e5ringen hade lovat att st\u00e5 i klacken \u2013 och det l\u00f6ftet h\u00f6ll han.\u00a0<\/p>\n<p>Under kv\u00e4llen delades bilder och videor p\u00e5 Gaisspelaren som h\u00f6ll i g\u00e5ng rej\u00e4lt med b\u00e5de ramsor och flaggor. P\u00e5 en av bilderna syntes han h\u00e5lla upp en halsduk med siffrorna \u201d1312\u201d.\u00a0<\/p>\n<p>Sifferkombinationen anspelar p\u00e5 alfabetets bokstavsordning och bildar bokst\u00e4verna ACAB, vilket \u00f6vers\u00e4tts till det polisfientliga budskapet \u201dall cops are bastards\u201d.\u00a0<\/p>\n<p>Bilden fick stor spridning och uppm\u00e4rksammades i b\u00e5de sociala medier och traditionella.\u00a0<\/p>\n<p>\u2013 Det \u00e4r v\u00e4ldigt olyckligt att han h\u00e5ller upp den halsduken, f\u00f6r det \u00e4r inget budskap varken Gais som f\u00f6rening eller Amin Boudri st\u00e5r f\u00f6r. Hans bild av det \u00e4r att han inte har n\u00e5gon aning om vad han h\u00e5ller upp, och den tror jag p\u00e5 till hundra procent, sade klubbens s\u00e4kerhetsansvarige Erik Bergkvist till GP efter matchen.\u00a0<\/p>\n<p>\u201dDet \u00e4r inte s\u00e5 roligt\u201d\u00a0<\/p>\n<p>Till tidningen uttalar sig \u00e4ven Boudri om h\u00e4ndelsen.\u00a0<\/p>\n<p>\u2013 Det enda jag kan s\u00e4ga \u00e4r att jag inte visste vad som stod p\u00e5 den. Jag tog emot massa grejer. Trummor, flaggor och halsdukar. Jag har ingen aning om vad det betydde. Sen f\u00e5r du ta det med Erik (Bergkvist, s\u00e4kerhetsansvarig).<\/p>\n<p>P\u00e5 fr\u00e5gan om hur han ser p\u00e5 budskapet p\u00e5 halsduken svarar han:\u00a0<\/p>\n<p>\u2013 Allts\u00e5, jag vet fortfarande inte vad det st\u00e5r f\u00f6r, om jag ska vara helt \u00e4rlig. Jag antar att det var n\u00e5got d\u00e5ligt.<\/p>\n<p>N\u00e4r han f\u00e5r veta betydelsen s\u00e4ger han:\u00a0<\/p>\n<p>\u2013 Aha, det kanske inte \u00e4r s\u00e5 roligt.<\/p>\n<p>Gais vann matchen mot BP med 2\u20130 och stormar nu mot Europaspel efter s\u00e4songen.\u00a0<\/p>\n","protected":false},"excerpt":{"rendered":"Publicerad 29 okt 2025 kl 16.46 Amin Boudri stod i Gais-klacken och h\u00f6ll upp en halsduk med det&hellip;\n","protected":false},"author":2,"featured_media":67751,"comment_status":"","ping_status":"","sticky":false,"template":"","format":"standard","meta":{"footnotes":""},"categories":[68],"tags":[665,34,130,129,111,110,31,33,32,30],"class_list":{"0":"post-67750","1":"post","2":"type-post","3":"status-publish","4":"format-standard","5":"has-post-thumbnail","7":"category-sport","8":"tag-organization-gais","9":"tag-se","10":"tag-sections-allsvenskan","11":"tag-sections-fotboll","12":"tag-sport","13":"tag-sports","14":"tag-svenska","15":"tag-sverige","16":"tag-sweden","17":"tag-swedish"},"share_on_mastodon":{"url":"https:\/\/pubeurope.com\/@se\/115461347288437586","error":""},"_links":{"self":[{"href":"https:\/\/www.europesays.com\/se\/wp-json\/wp\/v2\/posts\/67750","targetHints":{"allow":["GET"]}}],"collection":[{"href":"https:\/\/www.europesays.com\/se\/wp-json\/wp\/v2\/posts"}],"about":[{"href":"https:\/\/www.europesays.com\/se\/wp-json\/wp\/v2\/types\/post"}],"author":[{"embeddable":true,"href":"https:\/\/www.europesays.com\/se\/wp-json\/wp\/v2\/users\/2"}],"replies":[{"embeddable":true,"href":"https:\/\/www.europesays.com\/se\/wp-json\/wp\/v2\/comments?post=67750"}],"version-history":[{"count":0,"href":"https:\/\/www.europesays.com\/se\/wp-json\/wp\/v2\/posts\/67750\/revisions"}],"wp:featuredmedia":[{"embeddable":true,"href":"https:\/\/www.europesays.com\/se\/wp-json\/wp\/v2\/media\/67751"}],"wp:attachment":[{"href":"https:\/\/www.europesays.com\/se\/wp-json\/wp\/v2\/media?parent=67750"}],"wp:term":[{"taxonomy":"category","embeddable":true,"href":"https:\/\/www.europesays.com\/se\/wp-json\/wp\/v2\/categories?post=67750"},{"taxonomy":"post_tag","embeddable":true,"href":"https:\/\/www.europesays.com\/se\/wp-json\/wp\/v2\/tags?post=67750"}],"curies":[{"name":"wp","href":"https:\/\/api.w.org\/{rel}","templated":true}]}}