{"id":67813,"date":"2025-10-30T06:35:12","date_gmt":"2025-10-30T06:35:12","guid":{"rendered":"https:\/\/www.europesays.com\/se\/67813\/"},"modified":"2025-10-30T06:35:12","modified_gmt":"2025-10-30T06:35:12","slug":"kablar-i-trapphus-ledde-till-eltjuv-pa-ostermalm","status":"publish","type":"post","link":"https:\/\/www.europesays.com\/se\/67813\/","title":{"rendered":"Kablar i trapphus ledde till eltjuv p\u00e5 \u00d6stermalm"},"content":{"rendered":"<p>share-arrowDela<\/p>\n<p>unsaveSpara<\/p>\n<p>expand-left<\/p>\n<p>helsk\u00e4rm<img decoding=\"async\" class=\"image-asset hyperion-css-u06ts1\" data-test-tag=\"image-asset\" src=\"https:\/\/www.europesays.com\/se\/wp-content\/uploads\/2025\/10\/153b5d7a-2e32-4543-95ed-76bee3212c97\"  alt=\"Mannen misst\u00e4nks f\u00f6r olovlig energiavledning. Arkivbild.\"  loading=\"eager\" fetchpriority=\"high\" style=\"aspect-ratio:1900 \/ 1257\"\/>Mannen misst\u00e4nks f\u00f6r olovlig energiavledning. Arkivbild. Foto: Johan Nilsson\/TT<\/p>\n<p class=\"hyperion-css-1shl3oz\" data-test-tag=\"lead-text\">En man i 45-\u00e5rs\u00e5ldern misst\u00e4nks ha snott el fr\u00e5n sina grannar p\u00e5 \u00d6stermalm i Stockholm, uppger polisen.<\/p>\n<p class=\"hyperion-css-1v9qo5x\">Den misst\u00e4nkta st\u00f6lden var inte sv\u00e5r att uppt\u00e4cka.<\/p>\n<p class=\"hyperion-css-1v9qo5x\">Flera elkablar, dragna till olika uttag runt om i ett l\u00e4genhetshus i det exklusiva omr\u00e5det L\u00e4rkstaden, ledde till en och samma d\u00f6rr.<\/p>\n<p class=\"hyperion-css-1v9qo5x\">En polispatrull genomf\u00f6rde p\u00e5 onsdagskv\u00e4llen en husrannsakan och tog ett antal elkablar i beslag. Mannen misst\u00e4nks f\u00f6r brottet olovlig energiavledning, fr\u00e5n sin bostadsf\u00f6rening.<\/p>\n<p class=\"hyperion-css-1v9qo5x\">\u2013 Som jag f\u00f6rst\u00e5r det betalar han inte sina elr\u00e4kningar s\u00e5 han f\u00f6rser sig med el p\u00e5 det h\u00e4r viset i st\u00e4llet, s\u00e4ger polisens presstalesperson Daniel Wikdahl.<\/p>\n","protected":false},"excerpt":{"rendered":"share-arrowDela unsaveSpara expand-left helsk\u00e4rmMannen misst\u00e4nks f\u00f6r olovlig energiavledning. Arkivbild. Foto: Johan Nilsson\/TT En man i 45-\u00e5rs\u00e5ldern misst\u00e4nks ha&hellip;\n","protected":false},"author":2,"featured_media":67814,"comment_status":"","ping_status":"","sticky":false,"template":"","format":"standard","meta":{"footnotes":""},"categories":[12],"tags":[22,23,26,27,17,21,24,25,28,29,15,16,18,34,31,33,32,30,19,20],"class_list":{"0":"post-67813","1":"post","2":"type-post","3":"status-publish","4":"format-standard","5":"has-post-thumbnail","7":"category-sverige","8":"tag-breaking-news","9":"tag-breakingnews","10":"tag-featured-news","11":"tag-featurednews","12":"tag-headlines","13":"tag-huvudnyheter","14":"tag-latest-news","15":"tag-latestnews","16":"tag-main-news","17":"tag-mainnews","18":"tag-news","19":"tag-nyheter","20":"tag-rubriker","21":"tag-se","22":"tag-svenska","23":"tag-sverige","24":"tag-sweden","25":"tag-swedish","26":"tag-top-stories","27":"tag-topstories"},"share_on_mastodon":{"url":"https:\/\/pubeurope.com\/@se\/115461732733632496","error":""},"_links":{"self":[{"href":"https:\/\/www.europesays.com\/se\/wp-json\/wp\/v2\/posts\/67813","targetHints":{"allow":["GET"]}}],"collection":[{"href":"https:\/\/www.europesays.com\/se\/wp-json\/wp\/v2\/posts"}],"about":[{"href":"https:\/\/www.europesays.com\/se\/wp-json\/wp\/v2\/types\/post"}],"author":[{"embeddable":true,"href":"https:\/\/www.europesays.com\/se\/wp-json\/wp\/v2\/users\/2"}],"replies":[{"embeddable":true,"href":"https:\/\/www.europesays.com\/se\/wp-json\/wp\/v2\/comments?post=67813"}],"version-history":[{"count":0,"href":"https:\/\/www.europesays.com\/se\/wp-json\/wp\/v2\/posts\/67813\/revisions"}],"wp:featuredmedia":[{"embeddable":true,"href":"https:\/\/www.europesays.com\/se\/wp-json\/wp\/v2\/media\/67814"}],"wp:attachment":[{"href":"https:\/\/www.europesays.com\/se\/wp-json\/wp\/v2\/media?parent=67813"}],"wp:term":[{"taxonomy":"category","embeddable":true,"href":"https:\/\/www.europesays.com\/se\/wp-json\/wp\/v2\/categories?post=67813"},{"taxonomy":"post_tag","embeddable":true,"href":"https:\/\/www.europesays.com\/se\/wp-json\/wp\/v2\/tags?post=67813"}],"curies":[{"name":"wp","href":"https:\/\/api.w.org\/{rel}","templated":true}]}}