{"id":67815,"date":"2025-10-30T06:37:03","date_gmt":"2025-10-30T06:37:03","guid":{"rendered":"https:\/\/www.europesays.com\/se\/67815\/"},"modified":"2025-10-30T06:37:03","modified_gmt":"2025-10-30T06:37:03","slug":"tva-svenskar-atalade-for-terroristbrott-i-danmark-news-oresund-sverige","status":"publish","type":"post","link":"https:\/\/www.europesays.com\/se\/67815\/","title":{"rendered":"Tv\u00e5 svenskar \u00e5talade f\u00f6r terroristbrott i Danmark \u2013 News \u00d8resund Sverige"},"content":{"rendered":"<p><strong>\u00c5klagaren har \u00e5talat tv\u00e5 svenskar, 18 och 20 \u00e5r gamla, f\u00f6r bland annat terrorism efter att de kastat handgranater mot Israels ambassad i K\u00f6penhamn f\u00f6rra \u00e5ret. <a href=\"https:\/\/www.dr.dk\/nyheder\/seneste\/svenskere-tiltalt-terror-kastede-haandgranater-mod-israels-ambassade\" rel=\"nofollow noopener\" target=\"_blank\">Enligt DR<\/a> \u00e4r detta f\u00f6rsta g\u00e5ngen i modern historia som ett fall av terrorism som faktiskt har beg\u00e5tts pr\u00f6vas i en dansk domstol.<\/strong><\/p>\n<p>De tv\u00e5 personerna \u00e4r \u00e5talade f\u00f6r att ha transporterat fem handgranater och kastat tv\u00e5 av dem mot ambassaden, vilka dock tr\u00e4ffade en bostadsbyggnad och exploderade, skriver \u00e5klagarmyndigheten i <a href=\"https:\/\/anklagemyndigheden.dk\/da\/personer-tiltalt-terrorisme-ved-angreb-mod-den-israelske-ambassade-i-koebenhavn\" rel=\"nofollow noopener\" target=\"_blank\">ett pressmeddelande<\/a>.<\/p>\n<p>\u2013 Det \u00e4r v\u00e5r bed\u00f6mning att de \u00e5talade kastade handgranaterna med avsikt att tr\u00e4ffa den israeliska ambassaden, och att attacken mot ambassaden under de givna omst\u00e4ndigheterna m\u00e5ste betraktas som en terroristhandling, s\u00e4ger stats\u00e5klagare Lise-Lotte Nilas, stats\u00e5klagare i K\u00f6penhamn.<\/p>\n<p>De \u00e5talade \u00e4r ocks\u00e5 \u00e5talade f\u00f6r f\u00f6rs\u00f6k till dr\u00e5p, eftersom de kastade handgranaterna och d\u00e4rmed \u201daccepterade risken att de boende i det n\u00e4rliggande bostadshuset kunde d\u00f6das\u201d, skriver myndigheten.<\/p>\n<p>\u00c5klagarmyndigheten kommer att yrka p\u00e5 f\u00e4ngelsestraff och permanent inresef\u00f6rbud till Danmark f\u00f6r de tv\u00e5 personerna.<\/p>\n<p>(News \u00d8resund)<\/p>\n","protected":false},"excerpt":{"rendered":"\u00c5klagaren har \u00e5talat tv\u00e5 svenskar, 18 och 20 \u00e5r gamla, f\u00f6r bland annat terrorism efter att de kastat&hellip;\n","protected":false},"author":2,"featured_media":67816,"comment_status":"","ping_status":"","sticky":false,"template":"","format":"standard","meta":{"footnotes":""},"categories":[5],"tags":[22,23,26,27,17,21,24,25,28,29,15,16,18,34,31,33,32,30,19,20],"class_list":{"0":"post-67815","1":"post","2":"type-post","3":"status-publish","4":"format-standard","5":"has-post-thumbnail","7":"category-rubriker","8":"tag-breaking-news","9":"tag-breakingnews","10":"tag-featured-news","11":"tag-featurednews","12":"tag-headlines","13":"tag-huvudnyheter","14":"tag-latest-news","15":"tag-latestnews","16":"tag-main-news","17":"tag-mainnews","18":"tag-news","19":"tag-nyheter","20":"tag-rubriker","21":"tag-se","22":"tag-svenska","23":"tag-sverige","24":"tag-sweden","25":"tag-swedish","26":"tag-top-stories","27":"tag-topstories"},"share_on_mastodon":{"url":"https:\/\/pubeurope.com\/@se\/115461740496051273","error":""},"_links":{"self":[{"href":"https:\/\/www.europesays.com\/se\/wp-json\/wp\/v2\/posts\/67815","targetHints":{"allow":["GET"]}}],"collection":[{"href":"https:\/\/www.europesays.com\/se\/wp-json\/wp\/v2\/posts"}],"about":[{"href":"https:\/\/www.europesays.com\/se\/wp-json\/wp\/v2\/types\/post"}],"author":[{"embeddable":true,"href":"https:\/\/www.europesays.com\/se\/wp-json\/wp\/v2\/users\/2"}],"replies":[{"embeddable":true,"href":"https:\/\/www.europesays.com\/se\/wp-json\/wp\/v2\/comments?post=67815"}],"version-history":[{"count":0,"href":"https:\/\/www.europesays.com\/se\/wp-json\/wp\/v2\/posts\/67815\/revisions"}],"wp:featuredmedia":[{"embeddable":true,"href":"https:\/\/www.europesays.com\/se\/wp-json\/wp\/v2\/media\/67816"}],"wp:attachment":[{"href":"https:\/\/www.europesays.com\/se\/wp-json\/wp\/v2\/media?parent=67815"}],"wp:term":[{"taxonomy":"category","embeddable":true,"href":"https:\/\/www.europesays.com\/se\/wp-json\/wp\/v2\/categories?post=67815"},{"taxonomy":"post_tag","embeddable":true,"href":"https:\/\/www.europesays.com\/se\/wp-json\/wp\/v2\/tags?post=67815"}],"curies":[{"name":"wp","href":"https:\/\/api.w.org\/{rel}","templated":true}]}}