{"id":67819,"date":"2025-10-30T06:45:29","date_gmt":"2025-10-30T06:45:29","guid":{"rendered":"https:\/\/www.europesays.com\/se\/67819\/"},"modified":"2025-10-30T06:45:29","modified_gmt":"2025-10-30T06:45:29","slug":"electrolux-rapporterar-rorelseresultat-i-linje-med-forvantningar-di","status":"publish","type":"post","link":"https:\/\/www.europesays.com\/se\/67819\/","title":{"rendered":"Electrolux rapporterar r\u00f6relseresultat i linje med f\u00f6rv\u00e4ntningar &#8211; DI"},"content":{"rendered":"<ol>\n<li><a href=\"https:\/\/news.google.com\/rss\/articles\/CBMikgFBVV95cUxPY1ltYjB0VE5kdDhTc1ZoU0s3bGY0Z0dCampqT0VIdUZZNjBsckI0OGtRZXM3Rzgta25Uc0plbHNkbFl5Q1JOSWhtRXNQZG13TVNFcmozOFFkbk05M05DUGlmWmlZQUdKazJhUUpGamVxejdkYko4T0xDNWZZYTFsQ09iSFN3bHA1QlNqOFV2UDdJUQ?oc=5\" target=\"_blank\" rel=\"nofollow noopener\">Electrolux rapporterar r\u00f6relseresultat i linje med f\u00f6rv\u00e4ntningar<\/a>&nbsp;&nbsp;DI<\/li>\n<li><a href=\"https:\/\/news.google.com\/rss\/articles\/CBMiigFBVV95cUxQSEp0R3JfMW1kRjZvR0kzLW5VUno3NndPcWtVZ0kwVElGTHE3allaTUNPMVVva2JSUU11elhrbUZCOWQzR0FUY2FvWkVOWXFkcmtDWk9sSVZHSzRkNERUZUd4Q21nYm9ENkZ0UXNWZzlsYmdLdXpvdFpOSW1xM1Ric2tmY3hfbU1tZnc?oc=5\" target=\"_blank\" rel=\"nofollow noopener\">Electrolux resultat under f\u00f6rv\u00e4ntan<\/a>&nbsp;&nbsp;Aftonbladet<\/li>\n<li><a href=\"https:\/\/news.google.com\/rss\/articles\/CBMiigFBVV95cUxNTzlTRFhXTnBJblE2QUpVQURITE5NamRUQ1F5dFFDSklHRTk5UEk2My1DeGlUQlVNT2lZSlhRZUFneHppVlBfaGphalUwbTlkemU0a1BfdG1lNG5wT0N6U3BtUEE4cHprTEJ1WldQelhwTWJQMHpSV01aUU1NSC1JN3dtbWNaQmJ2dnc?oc=5\" target=\"_blank\" rel=\"nofollow noopener\">Electroluxs v\u00e4xer \u00f6ver f\u00f6rv\u00e4ntan<\/a>&nbsp;&nbsp;Privata Aff\u00e4rer<\/li>\n<li><a href=\"https:\/\/news.google.com\/rss\/articles\/CBMihgFBVV95cUxQLVdJc3Z4TVpvUGhvZjdCODV6dXlRSUs4QTl5d1dBY2ZER0R2OUZjY2MxVC1XRkgzMFh5VUw4ejZCMkU5SGREUHBPVDVTLTlkbjNRT0QwTjNCaGRYd0dDZkNWWENBb0dDWmtTek1jQk53ZFBiMXAwdS1EOFI5VjVLNUJyY0REZw?oc=5\" target=\"_blank\" rel=\"nofollow noopener\">Aktien har rasat \u2013 nu \u00e4r det dags att t\u00e4nka om<\/a>&nbsp;&nbsp;EFN<\/li>\n<li><a href=\"https:\/\/news.google.com\/rss\/articles\/CBMinwFBVV95cUxNU3QxNk9YS2xLb251N3YxZzNWVWRCeHNXejM4MFdfNHBQamlEVHFMcnZOSTk4M01FUmlZdktNejA2UVN5MDJ0RW93aXppUlUzWU1tck9qNzA0SmpCZWR4T2loTDduM1RYQ2RjS0J6UXRkd1ZNQ2xsM1I3TmN6ZmJRQm90NW1nMGZsNm1XNGJ5QWVtUGZoQllRWGZfdjdiZnc?oc=5\" target=\"_blank\" rel=\"nofollow noopener\">Electrolux rapporterar: &#8221;Trots en pressad prismilj\u00f6 lyckades vi&#8221;<\/a>&nbsp;&nbsp;Aff\u00e4rsv\u00e4rlden<\/li>\n<\/ol>\n","protected":false},"excerpt":{"rendered":"Electrolux rapporterar r\u00f6relseresultat i linje med f\u00f6rv\u00e4ntningar&nbsp;&nbsp;DI Electrolux resultat under f\u00f6rv\u00e4ntan&nbsp;&nbsp;Aftonbladet Electroluxs v\u00e4xer \u00f6ver f\u00f6rv\u00e4ntan&nbsp;&nbsp;Privata Aff\u00e4rer Aktien har&hellip;\n","protected":false},"author":2,"featured_media":67820,"comment_status":"","ping_status":"","sticky":false,"template":"","format":"standard","meta":{"footnotes":""},"categories":[5],"tags":[22,23,26,27,17,21,24,25,28,29,15,16,18,34,31,33,32,30,19,20],"class_list":{"0":"post-67819","1":"post","2":"type-post","3":"status-publish","4":"format-standard","5":"has-post-thumbnail","7":"category-rubriker","8":"tag-breaking-news","9":"tag-breakingnews","10":"tag-featured-news","11":"tag-featurednews","12":"tag-headlines","13":"tag-huvudnyheter","14":"tag-latest-news","15":"tag-latestnews","16":"tag-main-news","17":"tag-mainnews","18":"tag-news","19":"tag-nyheter","20":"tag-rubriker","21":"tag-se","22":"tag-svenska","23":"tag-sverige","24":"tag-sweden","25":"tag-swedish","26":"tag-top-stories","27":"tag-topstories"},"share_on_mastodon":{"url":"https:\/\/pubeurope.com\/@se\/115461772012412006","error":""},"_links":{"self":[{"href":"https:\/\/www.europesays.com\/se\/wp-json\/wp\/v2\/posts\/67819","targetHints":{"allow":["GET"]}}],"collection":[{"href":"https:\/\/www.europesays.com\/se\/wp-json\/wp\/v2\/posts"}],"about":[{"href":"https:\/\/www.europesays.com\/se\/wp-json\/wp\/v2\/types\/post"}],"author":[{"embeddable":true,"href":"https:\/\/www.europesays.com\/se\/wp-json\/wp\/v2\/users\/2"}],"replies":[{"embeddable":true,"href":"https:\/\/www.europesays.com\/se\/wp-json\/wp\/v2\/comments?post=67819"}],"version-history":[{"count":0,"href":"https:\/\/www.europesays.com\/se\/wp-json\/wp\/v2\/posts\/67819\/revisions"}],"wp:featuredmedia":[{"embeddable":true,"href":"https:\/\/www.europesays.com\/se\/wp-json\/wp\/v2\/media\/67820"}],"wp:attachment":[{"href":"https:\/\/www.europesays.com\/se\/wp-json\/wp\/v2\/media?parent=67819"}],"wp:term":[{"taxonomy":"category","embeddable":true,"href":"https:\/\/www.europesays.com\/se\/wp-json\/wp\/v2\/categories?post=67819"},{"taxonomy":"post_tag","embeddable":true,"href":"https:\/\/www.europesays.com\/se\/wp-json\/wp\/v2\/tags?post=67819"}],"curies":[{"name":"wp","href":"https:\/\/api.w.org\/{rel}","templated":true}]}}