{"id":67821,"date":"2025-10-30T06:46:08","date_gmt":"2025-10-30T06:46:08","guid":{"rendered":"https:\/\/www.europesays.com\/se\/67821\/"},"modified":"2025-10-30T06:46:08","modified_gmt":"2025-10-30T06:46:08","slug":"antligen-precisionsdiagnostik-for-svarbehandlad-cancer","status":"publish","type":"post","link":"https:\/\/www.europesays.com\/se\/67821\/","title":{"rendered":"\u00c4ntligen precisionsdiagnostik f\u00f6r sv\u00e5rbehandlad cancer"},"content":{"rendered":"<p>&#13;<br \/>\n                        &#13;<br \/>\n&#13;<\/p>\n<p>                                    <img decoding=\"async\" src=\"https:\/\/www.europesays.com\/se\/wp-content\/uploads\/2025\/10\/b05379a50e759d77_800x800ar.jpg\"\/><br \/>\n                                &#13;<br \/>\n&#13;<\/p>\n<p><strong>PALEMAs medlemmar omfattar patienter med cancer i pankreas (bukspottk\u00f6rteln), levern, gallv\u00e4garna, mags\u00e4cken och matstrupen och de \u00e4r till stora delar eftersatta patientgrupper. D\u00e4rf\u00f6r v\u00e4lkomnar PALEMA den nationell satsning p\u00e5 precisionsdiagnostik f\u00f6r patienter med HPB-cancer, ett samlingsnamn f\u00f6r bukspottk\u00f6rtel-, lever- och gallv\u00e4gscancer, och andra sv\u00e5rbehandlade tum\u00f6rer.<\/strong><\/p>\n<p>&#13;<\/p>\n<p style=\"margin-top:12px;\">Hela 20 procent av alla som d\u00f6r i cancer i Sverige har n\u00e5gon av de cancerformer som PALEMA representerar. Den vanligaste behandlingsformen \u00e4r kirurgi, men ofta uppt\u00e4cks cancern v\u00e4ldigt sent och enbart palliativ v\u00e5rd erbjuds. Nya behandlingar m\u00e5ste till f\u00f6r att v\u00e4nda utvecklingen och d\u00e4r \u00e4r precisionsmedicin en av dem. <\/p>\n<p>Genom en detaljerad genetisk profil av tum\u00f6ren, blir det m\u00f6jligt med mer tr\u00e4ffs\u00e4kra och individanpassade behandlingsstrategier. Med den nationella satsningen ska fler erbjudas avancerad molekyl\u00e4r diagnostik oavsett tum\u00f6rtyp eller bostadsort.<\/p>\n<p style=\" margin-left:8px;\">&#8221;Vi p\u00e5 cancerf\u00f6reningen PALEMA v\u00e4lkomnar den nationella satsningen fr\u00e5n Regeringen och Genomic Medicine Sweden (GMS), s\u00e4ger ordf\u00f6rande i PALEMA Eva Backman <\/p>\n<p style=\" margin-left:8px;\">&#8221;HPB-cancer \u00e4r en sjukdom med h\u00f6g d\u00f6dlighet, och varje dag r\u00e4knas. Denna satsning ger hopp om att fler patienter kan f\u00e5 individuellt anpassad behandling och d\u00e4rmed b\u00e4ttre m\u00f6jligheter att \u00f6verleva. Genom samverkan mellan forskare, kliniker och patientorganisationer kan fler patienter f\u00e5 diagnoser som leder till r\u00e4tt behandling i tid. Detta \u00e4r ett viktigt steg f\u00f6r patienterna och PALEMA&#8221;, forts\u00e4tter Eva Backman.<\/p>\n<p>Den nationella satsningen innefattar fem utvecklingsprojekt f\u00f6r att st\u00e4rka precisionsdiagnostiken inom solida tum\u00f6rer varav ett fokuserar s\u00e4rskilt p\u00e5 HPB-cancer, bukspottk\u00f6rtel-, lever- och gallv\u00e4gscancer. Det \u00e4r en grupp tum\u00f6rer med mycket d\u00e5lig prognos och ofta begr\u00e4nsade behandlingsalternativ. <\/p>\n<p>De fem nationella utvecklingsprojekten utg\u00f6r en viktig del i arbetet f\u00f6r en mer j\u00e4mlik och precisionsbaserad cancerv\u00e5rd. Genom att bredda tillg\u00e5ngen till avancerad diagnostik skapas b\u00e4ttre f\u00f6ruts\u00e4ttningar f\u00f6r individanpassade behandlingsbeslut och \u00f6kad patientnytta. <\/p>\n<p>De andra fyra omr\u00e5dena inom projektet \u00e4r:<\/p>\n<p>&#8211; DNA- och RNA-paneler f\u00f6r f\u00f6rb\u00e4ttrad tum\u00f6rkarakterisering<br \/>&#8211; V\u00e4tskebiopsier (ctDNA) f\u00f6r mindre invasiv uppf\u00f6ljning<br \/>&#8211; Spridd br\u00f6stcancer<br \/>&#8211; Sarkom<\/p>\n<p>L\u00e4s mer hos <a href=\"https:\/\/genomicmedicine.se\/2025\/10\/20\/nationella-utvecklingsprojekt-for-precisionsdiagnostik-inom-solida-tumorer\/\" rel=\"nofollow noopener\" target=\"_blank\">GMS<\/a><\/p>\n<p>&#13;<br \/>\n&#13;<br \/>\n&#13;<\/p>\n<p>F\u00f6r mer information, kontakta g\u00e4rna kanslichef Anders Alhbin p\u00e5 anders.alhbin@palema.org eller telefon: 070-3253310. <\/p>\n<p>&#13;<\/p>\n<p><strong>Om Cancerf\u00f6reningen PALEMA<\/strong><\/p>\n<p>PALEMA \u00e4r Sveriges f\u00f6rsta och enda patientf\u00f6rening f\u00f6r personer som drabbats av cancer i \u00f6vre delen av buken \u2013 pankreas (bukspottk\u00f6rtel), lever och gallv\u00e4gar samt matstrupe\/mags\u00e4ck \u2013 samt deras anh\u00f6riga och v\u00e5rdpersonal. F\u00f6reningen arbetar f\u00f6r f\u00f6rb\u00e4ttrad v\u00e5rd, \u00f6kade forskningsanslag och en starkare r\u00f6st f\u00f6r de drabbade. Genom opinionsbildning, st\u00f6dinsatser och forskningsbidrag vill PALEMA bidra till att f\u00f6rebygga, bek\u00e4mpa och mildra effekterna av dessa sv\u00e5rbehandlade cancerformer. Verksamheten \u00e4r ideell och finansieras genom medlemskap och g\u00e5vor.<\/p>\n<p><strong>Taggar:<\/strong><\/p>\n<p>&#13;<br \/>\n&#13;<br \/>\n&#13;<\/p>\n","protected":false},"excerpt":{"rendered":"&#13; &#13; &#13; &#13; &#13; PALEMAs medlemmar omfattar patienter med cancer i pankreas (bukspottk\u00f6rteln), levern, gallv\u00e4garna, mags\u00e4cken och&hellip;\n","protected":false},"author":2,"featured_media":67822,"comment_status":"","ping_status":"","sticky":false,"template":"","format":"standard","meta":{"footnotes":""},"categories":[69],"tags":[6184,6177,6181,1761,4361,4356,6188,5250,5248,6186,113,112,6185,6187,6182,6178,6183,3409,6180,34,31,33,32,30,6179,6189],"class_list":{"0":"post-67821","1":"post","2":"type-post","3":"status-publish","4":"format-standard","5":"has-post-thumbnail","7":"category-halsa","8":"tag-behandlingsmetoder-fr-cancer","9":"tag-brstcancer","10":"tag-bukspottkrtelcancer","11":"tag-cancer","12":"tag-cancerfreningen-palema","13":"tag-cancervrd","14":"tag-dna-och-rna-paneler","15":"tag-eva-backman","16":"tag-gallvgscancer","17":"tag-genomic-medicine-sweden","18":"tag-halsa","19":"tag-health","20":"tag-hpb-cancer","21":"tag-jmlik-cancervrd","22":"tag-levercancer","23":"tag-pankreascancer","24":"tag-patientorganisation","25":"tag-regeringen","26":"tag-sarkom","27":"tag-se","28":"tag-svenska","29":"tag-sverige","30":"tag-sweden","31":"tag-swedish","32":"tag-tumr","33":"tag-vtskebiopsier"},"share_on_mastodon":{"url":"https:\/\/pubeurope.com\/@se\/115461776210046158","error":""},"_links":{"self":[{"href":"https:\/\/www.europesays.com\/se\/wp-json\/wp\/v2\/posts\/67821","targetHints":{"allow":["GET"]}}],"collection":[{"href":"https:\/\/www.europesays.com\/se\/wp-json\/wp\/v2\/posts"}],"about":[{"href":"https:\/\/www.europesays.com\/se\/wp-json\/wp\/v2\/types\/post"}],"author":[{"embeddable":true,"href":"https:\/\/www.europesays.com\/se\/wp-json\/wp\/v2\/users\/2"}],"replies":[{"embeddable":true,"href":"https:\/\/www.europesays.com\/se\/wp-json\/wp\/v2\/comments?post=67821"}],"version-history":[{"count":0,"href":"https:\/\/www.europesays.com\/se\/wp-json\/wp\/v2\/posts\/67821\/revisions"}],"wp:featuredmedia":[{"embeddable":true,"href":"https:\/\/www.europesays.com\/se\/wp-json\/wp\/v2\/media\/67822"}],"wp:attachment":[{"href":"https:\/\/www.europesays.com\/se\/wp-json\/wp\/v2\/media?parent=67821"}],"wp:term":[{"taxonomy":"category","embeddable":true,"href":"https:\/\/www.europesays.com\/se\/wp-json\/wp\/v2\/categories?post=67821"},{"taxonomy":"post_tag","embeddable":true,"href":"https:\/\/www.europesays.com\/se\/wp-json\/wp\/v2\/tags?post=67821"}],"curies":[{"name":"wp","href":"https:\/\/api.w.org\/{rel}","templated":true}]}}