{"id":67825,"date":"2025-10-30T06:50:08","date_gmt":"2025-10-30T06:50:08","guid":{"rendered":"https:\/\/www.europesays.com\/se\/67825\/"},"modified":"2025-10-30T06:50:08","modified_gmt":"2025-10-30T06:50:08","slug":"kalldusch-for-villaagare-snuvade-pa-mycket-pengar","status":"publish","type":"post","link":"https:\/\/www.europesays.com\/se\/67825\/","title":{"rendered":"Kalldusch f\u00f6r villa\u00e4gare \u2013 snuvade p\u00e5 &#8221;mycket pengar&#8221;"},"content":{"rendered":"<p><strong>\u201d<\/strong>30\u00a0000 kronor. Det \u00e4r mycket pengar f\u00f6r oss h\u00e4r och nu\u201d, s\u00e4ger Brommabon <strong>Fabian Lindh<\/strong> till SVT som ber\u00e4ttar att han nu troligen blir utan st\u00f6det som han g\u00e5tt och hoppats p\u00e5.<\/p>\n<p>Han har gjort renoveringar och k\u00f6pt ny v\u00e4rmepump.<\/p>\n<p>Bakgrunden till att m\u00e5nga villa\u00e4gare ser ut att inte f\u00e5 energieffektiviseringsst\u00f6det \u00e4r att det tagit slut.<\/p>\n<p>F\u00f6r m\u00e5nga sm\u00e5hus\u00e4gare har ans\u00f6kt om det.<\/p>\n<p>Samh\u00e4llet tj\u00e4nar p\u00e5 villa\u00e4garnas effektivisering<\/p>\n<p>Sedan 2023 har villa\u00e4gare kunnat s\u00f6ka bidraget som i dagsl\u00e4get \u00e4r upp till 30 000 kronor, exempelvis f\u00f6r att installera i en ny v\u00e4rmepump eller b\u00e4ttre isolering i syfte att spara energi, vilket \u00e4r en vinst f\u00f6r samh\u00e4llet i stort.<\/p>\n<p>I \u00e5r har 300 miljoner kronor avsatts f\u00f6r st\u00f6det. Men i och med att pengarna redan \u00e4r slut \u00e4r trycket h\u00e5rt p\u00e5 L\u00e4nsstyrelsen som administrerar och betalar ut det. Telefonen g\u00e5r varm hos myndigheten fr\u00e5n besvikna sm\u00e5hus\u00e4gare.<\/p>\n<p>Regeringen vill h\u00f6ja bidraget till max 60 000 kronor<\/p>\n<p>\u201dMina kollegor och jag sitter i telefon flera timmar om dagen och svarar p\u00e5 fr\u00e5gor kring detta\u201d, s\u00e4ger <strong>Johan Petr\u00e9n<\/strong>, som \u00e4r handl\u00e4ggare p\u00e5 L\u00e4nsstyrelsen och nationell samordnare f\u00f6r st\u00f6det, till SVT.<\/p>\n<p>L\u00e4nsstyrelsen uppger att det saknas mellan 20 och 40 miljoner kronor f\u00f6r att klara efterfr\u00e5gan.<\/p>\n<p>Regeringen har nyligen lagt fram ett <a href=\"https:\/\/www.regeringen.se\/pressmeddelanden\/2025\/10\/bidraget-for-energieffektivisering-i-smahus-forlangs-och-utvecklas\/\" rel=\"nofollow noopener\" target=\"_blank\">f\u00f6rslag i budgetpropositionen f\u00f6r 2026<\/a> om att f\u00f6rl\u00e4nga bidraget med 300 miljoner kronor om \u00e5ret fram till 2030, och att h\u00f6ja det maximala energieffektiviseringsst\u00f6det till 60 000 kronor per hush\u00e5ll.<\/p>\n<p>D\u00e4remot finns det inga besked om att betala ut pengarna retroaktivt till villa\u00e4gare som gjort investeringar p\u00e5 omr\u00e5det.<\/p>\n<p><strong>L\u00e4s mer:<\/strong> <a href=\"https:\/\/www.dagensps.se\/privatekonomi\/bostad\/sa-kan-husagare-fa-upp-till-60-000-i-bidrag\/\" rel=\"nofollow noopener\" target=\"_blank\">S\u00e5 kan hus\u00e4gare f\u00e5 upp till 60 000 i bidrag <strong>DagensPS<\/strong><\/a><\/p>\n<p><strong>L\u00e4s ocks\u00e5:<\/strong> <a href=\"https:\/\/www.e55.se\/ekonomi\/regeringen-vill-forlanga-bidrag-for-energieffektivisering-i-smahus\/\" rel=\"nofollow noopener\" target=\"_blank\">Sm\u00e5hus\u00e4gare kan f\u00e5 60 000 kronor i bidrag <strong>E55<\/strong><\/a><\/p>\n","protected":false},"excerpt":{"rendered":"\u201d30\u00a0000 kronor. Det \u00e4r mycket pengar f\u00f6r oss h\u00e4r och nu\u201d, s\u00e4ger Brommabon Fabian Lindh till SVT som&hellip;\n","protected":false},"author":2,"featured_media":67826,"comment_status":"","ping_status":"","sticky":false,"template":"","format":"standard","meta":{"footnotes":""},"categories":[65],"tags":[72,70,6190,71,2145,6191,3409,34,1164,31,33,32,30,6192],"class_list":{"0":"post-67825","1":"post","2":"type-post","3":"status-publish","4":"format-standard","5":"has-post-thumbnail","7":"category-ekonomi","8":"tag-business","9":"tag-economy","10":"tag-effektivisering","11":"tag-ekonomi","12":"tag-energi","13":"tag-lansstyrelsen","14":"tag-regeringen","15":"tag-se","16":"tag-smahus","17":"tag-svenska","18":"tag-sverige","19":"tag-sweden","20":"tag-swedish","21":"tag-villaagare"},"share_on_mastodon":{"url":"https:\/\/pubeurope.com\/@se\/115461791624120343","error":""},"_links":{"self":[{"href":"https:\/\/www.europesays.com\/se\/wp-json\/wp\/v2\/posts\/67825","targetHints":{"allow":["GET"]}}],"collection":[{"href":"https:\/\/www.europesays.com\/se\/wp-json\/wp\/v2\/posts"}],"about":[{"href":"https:\/\/www.europesays.com\/se\/wp-json\/wp\/v2\/types\/post"}],"author":[{"embeddable":true,"href":"https:\/\/www.europesays.com\/se\/wp-json\/wp\/v2\/users\/2"}],"replies":[{"embeddable":true,"href":"https:\/\/www.europesays.com\/se\/wp-json\/wp\/v2\/comments?post=67825"}],"version-history":[{"count":0,"href":"https:\/\/www.europesays.com\/se\/wp-json\/wp\/v2\/posts\/67825\/revisions"}],"wp:featuredmedia":[{"embeddable":true,"href":"https:\/\/www.europesays.com\/se\/wp-json\/wp\/v2\/media\/67826"}],"wp:attachment":[{"href":"https:\/\/www.europesays.com\/se\/wp-json\/wp\/v2\/media?parent=67825"}],"wp:term":[{"taxonomy":"category","embeddable":true,"href":"https:\/\/www.europesays.com\/se\/wp-json\/wp\/v2\/categories?post=67825"},{"taxonomy":"post_tag","embeddable":true,"href":"https:\/\/www.europesays.com\/se\/wp-json\/wp\/v2\/tags?post=67825"}],"curies":[{"name":"wp","href":"https:\/\/api.w.org\/{rel}","templated":true}]}}