{"id":67827,"date":"2025-10-30T06:53:13","date_gmt":"2025-10-30T06:53:13","guid":{"rendered":"https:\/\/www.europesays.com\/se\/67827\/"},"modified":"2025-10-30T06:53:13","modified_gmt":"2025-10-30T06:53:13","slug":"146-ars-fangelse-for-hollywoodproducent","status":"publish","type":"post","link":"https:\/\/www.europesays.com\/se\/67827\/","title":{"rendered":"146 \u00e5rs f\u00e4ngelse f\u00f6r Hollywoodproducent"},"content":{"rendered":"<p>Publicerad 30 okt 2025 kl 04.17Uppdaterad kl 07.08<\/p>\n<p>V\u00e4nnerna Christy Giles och Hilda Marcela Cabrales-Arzola f\u00f6ljde med Hollywoodproducenten David Brian Pearce hem p\u00e5 efterfest. Det kostade dem livet.<\/p>\n<p>Nu har Pearce d\u00f6mts till 146 \u00e5rs f\u00e4ngelse f\u00f6r att ha m\u00f6rdat dem och f\u00f6r att ha v\u00e5ldtagit flera kvinnor, skriver <a href=\"https:\/\/www.cbsnews.com\/losangeles\/news\/hollywood-producer-life-prison-overdose-deaths-christy-giles-hilda-marcela\/\" rel=\"nofollow noopener\" target=\"_blank\">CBS News<\/a>.<\/p>\n<p>Ett av v\u00e5ldt\u00e4ktsoffren dog bara dagar f\u00f6re domen n\u00e4r hon hj\u00e4lpte offer vid en bilolycka.<\/p>\n<p>Senaste nyhetsklippen fr\u00e5n Expressen.<img   alt=\"\"\/><\/p>\n<p>Christy Giles.<\/p>\n<p>Foto: Instagram<\/p>\n<p>\u00d6ppna bild i helsk\u00e4rm<img loading=\"lazy\"   alt=\"\"\/><\/p>\n<p>Hilda Marcela Cabrales-Arzola.<\/p>\n<p>Foto: Go Fund Me<\/p>\n<p>\u00d6ppna bild i helsk\u00e4rm<img loading=\"lazy\"   alt=\"\"\/><\/p>\n<p>Lauren Craven.<\/p>\n<p>Foto: La Mesa Police Department<\/p>\n<p>\u00d6ppna bild i helsk\u00e4rm<\/p>\n<p>Den 13 november 2021 var 24-\u00e5riga modellen Christy Giles och 26-\u00e5riga arkitekten Hilda Marcela Cabrales-Arzola p\u00e5 en fest tillsammans i Los Angeles. D\u00e4r tr\u00e4ffade v\u00e4nnerna filmproducenten David Brian Pearce.<\/p>\n<p>Han bj\u00f6d med kvinnorna till sin bostad i Beverly Hills. D\u00e4r drogade Pearce Giles och Cabrales-Arzola med GHB och fentanyl, enligt \u00e5klagaren.<\/p>\n<p>N\u00e4r kvinnorna dumpades vid tv\u00e5 olika sjukhus elva timmar senare var Giles redan d\u00f6d. Cabrales-Arzola avled p\u00e5 sjukhuset senare samma m\u00e5nad.<\/p>\n<p>D\u00f6md till 146 \u00e5rs f\u00e4ngelse<\/p>\n<p>Pearce greps n\u00e4stf\u00f6ljande m\u00e5nad. Utredningen avsl\u00f6jade att han \u00e4ven hade beg\u00e5tt drogrelaterade v\u00e5ldt\u00e4kter mot m\u00e5nga kvinnor mellan 2007 och 2020, enligt ABC7 Los Angeles.<\/p>\n<p>\u201dSju offer vittnade under r\u00e4tteg\u00e5ngen om Pearces sexuellt depraverade och v\u00e5ldsamma tendenser\u201d, skrev \u00e5klagarmyndigheten i ett pressmeddelande.<\/p>\n<p>Under onsdagen d\u00f6mdes 43-\u00e5rige Pearce till 146 \u00e5rs f\u00e4ngelse f\u00f6r mord p\u00e5 Giles och Cabrales-Arzola samt flera \u00e5talspunkter om sexuella \u00f6vergrepp.<\/p>\n<p>\u2013 Du \u00e4r den v\u00e4rsta sortens brottsling, sade domaren Eleanor Hunter till Pearce n\u00e4r hon avkunnade domen.<\/p>\n<p>Offret dog dagar f\u00f6re domen<\/p>\n<p>Ett av Pearces v\u00e5ldt\u00e4ktsoffer var 25-\u00e5riga Lauren Craven. Han f\u00f6rgrep sig p\u00e5 henne medan hon var medvetsl\u00f6s 2020 och fick sex \u00e5rs f\u00e4ngelse f\u00f6r det brottet.<\/p>\n<p>\u2013 Jag ville ta ett \u00f6gonblick f\u00f6r att uppm\u00e4rksamma hennes mod att vittna, sade \u00e5klagaren Catherine Mariano om Craven under r\u00e4tteg\u00e5ngen.<\/p>\n<p>Men 25-\u00e5ringen fick aldrig se Pearce f\u00e5 sitt straff. Craven som arbetade som polis blev f\u00f6rra veckan p\u00e5k\u00f6rd och d\u00f6dad n\u00e4r hon hj\u00e4lpte offer vid en bilolycka, bara dagar innan mannen som v\u00e5ldtog henne d\u00f6mdes f\u00f6r sina brott, skriver <a href=\"https:\/\/nypost.com\/2025\/10\/29\/us-news\/hero-cop-was-raped-by-monster-producer-david-pearce-and-killed-in-line-of-duty-days-before-sentencing\/\" rel=\"nofollow noopener\" target=\"_blank\">New York Post<\/a>.<\/p>\n<p>\u201dOfficer Cravens agerande i hennes sista \u00f6gonblick exemplifierade hennes orubbliga engagemang f\u00f6r att hj\u00e4lpa andra och f\u00f6r andras s\u00e4kerhet \u2013 en spegling av hur hon levde varje dag\u201d, skrev polisen i La Mesa p\u00e5 Facebook.<\/p>\n<p><img alt=\"\"\/>Ljudklippet gick inte att spela upp<\/p>\n<p>F\u00f6rs\u00f6k igen senare<\/p>\n","protected":false},"excerpt":{"rendered":"Publicerad 30 okt 2025 kl 04.17Uppdaterad kl 07.08 V\u00e4nnerna Christy Giles och Hilda Marcela Cabrales-Arzola f\u00f6ljde med Hollywoodproducenten&hellip;\n","protected":false},"author":2,"featured_media":67828,"comment_status":"","ping_status":"","sticky":false,"template":"","format":"standard","meta":{"footnotes":""},"categories":[5],"tags":[22,23,26,27,17,21,24,25,773,45,28,29,15,16,18,34,31,33,32,30,19,136,20],"class_list":{"0":"post-67827","1":"post","2":"type-post","3":"status-publish","4":"format-standard","5":"has-post-thumbnail","7":"category-rubriker","8":"tag-breaking-news","9":"tag-breakingnews","10":"tag-featured-news","11":"tag-featurednews","12":"tag-headlines","13":"tag-huvudnyheter","14":"tag-latest-news","15":"tag-latestnews","16":"tag-location-hollywood","17":"tag-location-usa","18":"tag-main-news","19":"tag-mainnews","20":"tag-news","21":"tag-nyheter","22":"tag-rubriker","23":"tag-se","24":"tag-svenska","25":"tag-sverige","26":"tag-sweden","27":"tag-swedish","28":"tag-top-stories","29":"tag-topic-rattegangar-domar","30":"tag-topstories"},"share_on_mastodon":{"url":"https:\/\/pubeurope.com\/@se\/115461803405691638","error":""},"_links":{"self":[{"href":"https:\/\/www.europesays.com\/se\/wp-json\/wp\/v2\/posts\/67827","targetHints":{"allow":["GET"]}}],"collection":[{"href":"https:\/\/www.europesays.com\/se\/wp-json\/wp\/v2\/posts"}],"about":[{"href":"https:\/\/www.europesays.com\/se\/wp-json\/wp\/v2\/types\/post"}],"author":[{"embeddable":true,"href":"https:\/\/www.europesays.com\/se\/wp-json\/wp\/v2\/users\/2"}],"replies":[{"embeddable":true,"href":"https:\/\/www.europesays.com\/se\/wp-json\/wp\/v2\/comments?post=67827"}],"version-history":[{"count":0,"href":"https:\/\/www.europesays.com\/se\/wp-json\/wp\/v2\/posts\/67827\/revisions"}],"wp:featuredmedia":[{"embeddable":true,"href":"https:\/\/www.europesays.com\/se\/wp-json\/wp\/v2\/media\/67828"}],"wp:attachment":[{"href":"https:\/\/www.europesays.com\/se\/wp-json\/wp\/v2\/media?parent=67827"}],"wp:term":[{"taxonomy":"category","embeddable":true,"href":"https:\/\/www.europesays.com\/se\/wp-json\/wp\/v2\/categories?post=67827"},{"taxonomy":"post_tag","embeddable":true,"href":"https:\/\/www.europesays.com\/se\/wp-json\/wp\/v2\/tags?post=67827"}],"curies":[{"name":"wp","href":"https:\/\/api.w.org\/{rel}","templated":true}]}}