{"id":67831,"date":"2025-10-30T07:04:12","date_gmt":"2025-10-30T07:04:12","guid":{"rendered":"https:\/\/www.europesays.com\/se\/67831\/"},"modified":"2025-10-30T07:04:12","modified_gmt":"2025-10-30T07:04:12","slug":"jamnt-val-i-nederlanderna-bakslag-for-wilders","status":"publish","type":"post","link":"https:\/\/www.europesays.com\/se\/67831\/","title":{"rendered":"J\u00e4mnt val i Nederl\u00e4nderna \u2013 bakslag f\u00f6r Wilders"},"content":{"rendered":"<p>N\u00e5gra timmar efter att vallokalerna st\u00e4ngde, klockan 21 p\u00e5 onsdagen, s\u00e5g D66 ut att ta \u00f6ver fr\u00e5n Geert Wilders PVV som st\u00f6rsta parti i landet. Under natten har glappet mellan partierna minskat n\u00e5got.<\/p>\n<p>Enligt den nederl\u00e4ndska nyhetsbyr\u00e5ns ANP:s prognos bed\u00f6ms D66 fortsatt ha en knapp ledning i antal r\u00f6ster.<\/p>\n<p>\u00c4ven om r\u00f6sterna inte \u00e4r helt f\u00e4rdigr\u00e4knade ger prognosen en fingervisning om att Nederl\u00e4nderna sannolikt f\u00e5r en mittenregering \u2013 utan inflytande f\u00f6r Wilders.<\/p>\n<p>D66 har traditionellt kallats v\u00e4nsterliberalt, men har som m\u00e5nga andra partier i Nederl\u00e4nderna r\u00f6rt sig mot en mer restriktiv migrationspolitik. Samtidigt kampanjar man starkt p\u00e5 bostadsomr\u00e5det, som varit ett huvud\u00e4mne i \u00e5rets valr\u00f6relse. Partiledaren Rob Jetten vill bygga tio helt nya st\u00e4der \u2013 bland annat p\u00e5 \u201dinnanhavet\u201d Ijsselmeer, norr om Amsterdam.<\/p>\n<p>Parlamentet har 150 mandat som v\u00e4ntas delas mellan fler \u00e4n tio partier.<\/p>\n","protected":false},"excerpt":{"rendered":"N\u00e5gra timmar efter att vallokalerna st\u00e4ngde, klockan 21 p\u00e5 onsdagen, s\u00e5g D66 ut att ta \u00f6ver fr\u00e5n Geert&hellip;\n","protected":false},"author":2,"featured_media":67832,"comment_status":"","ping_status":"","sticky":false,"template":"","format":"standard","meta":{"footnotes":""},"categories":[14],"tags":[22,23,26,27,17,21,24,25,28,29,15,16,18,34,31,33,32,30,19,20,51,52,53,54],"class_list":{"0":"post-67831","1":"post","2":"type-post","3":"status-publish","4":"format-standard","5":"has-post-thumbnail","7":"category-varlden","8":"tag-breaking-news","9":"tag-breakingnews","10":"tag-featured-news","11":"tag-featurednews","12":"tag-headlines","13":"tag-huvudnyheter","14":"tag-latest-news","15":"tag-latestnews","16":"tag-main-news","17":"tag-mainnews","18":"tag-news","19":"tag-nyheter","20":"tag-rubriker","21":"tag-se","22":"tag-svenska","23":"tag-sverige","24":"tag-sweden","25":"tag-swedish","26":"tag-top-stories","27":"tag-topstories","28":"tag-varlden","29":"tag-world","30":"tag-world-news","31":"tag-worldnews"},"share_on_mastodon":{"url":"https:\/\/pubeurope.com\/@se\/115461846670308035","error":""},"_links":{"self":[{"href":"https:\/\/www.europesays.com\/se\/wp-json\/wp\/v2\/posts\/67831","targetHints":{"allow":["GET"]}}],"collection":[{"href":"https:\/\/www.europesays.com\/se\/wp-json\/wp\/v2\/posts"}],"about":[{"href":"https:\/\/www.europesays.com\/se\/wp-json\/wp\/v2\/types\/post"}],"author":[{"embeddable":true,"href":"https:\/\/www.europesays.com\/se\/wp-json\/wp\/v2\/users\/2"}],"replies":[{"embeddable":true,"href":"https:\/\/www.europesays.com\/se\/wp-json\/wp\/v2\/comments?post=67831"}],"version-history":[{"count":0,"href":"https:\/\/www.europesays.com\/se\/wp-json\/wp\/v2\/posts\/67831\/revisions"}],"wp:featuredmedia":[{"embeddable":true,"href":"https:\/\/www.europesays.com\/se\/wp-json\/wp\/v2\/media\/67832"}],"wp:attachment":[{"href":"https:\/\/www.europesays.com\/se\/wp-json\/wp\/v2\/media?parent=67831"}],"wp:term":[{"taxonomy":"category","embeddable":true,"href":"https:\/\/www.europesays.com\/se\/wp-json\/wp\/v2\/categories?post=67831"},{"taxonomy":"post_tag","embeddable":true,"href":"https:\/\/www.europesays.com\/se\/wp-json\/wp\/v2\/tags?post=67831"}],"curies":[{"name":"wp","href":"https:\/\/api.w.org\/{rel}","templated":true}]}}