{"id":67835,"date":"2025-10-30T07:08:08","date_gmt":"2025-10-30T07:08:08","guid":{"rendered":"https:\/\/www.europesays.com\/se\/67835\/"},"modified":"2025-10-30T07:08:08","modified_gmt":"2025-10-30T07:08:08","slug":"tavares-nadde-500-gransen-nar-toronto-akte-pa-storstryk","status":"publish","type":"post","link":"https:\/\/www.europesays.com\/se\/67835\/","title":{"rendered":"Tavares n\u00e5dde 500-gr\u00e4nsen n\u00e4r Toronto \u00e5kte p\u00e5 storstryk"},"content":{"rendered":"<p>I\u202fnattens match mot Columbus satte Torontos forward John Tavares karrri\u00e4rens 500:e m\u00e5l. Han blir d\u00e4rmed den 49:e spelaren i NHL:s historia som n\u00e5r milstolpen.<\/p>\n<p>Men Tavares hade sv\u00e5rt att gl\u00e4djas \u00f6ver fulltr\u00e4ffen, d\u00e5 m\u00e5let bara innebar en reducering till 2\u20136. Matchen slutade till slut 3\u20136.<\/p>\n<p>\u2013 Allt handlar om laget. Jag hade velat att m\u00e5let skulle ha haft en st\u00f6rre inverkan p\u00e5 matchen. Men absolut, under de kommande dagarna och stunderna kommer jag att uppskatta det mer, s\u00e4ger 35-\u00e5ringen efter slutsignalen.<\/p>\n<p>Lagets po\u00e4ngkung William Nylander missade matchen p\u00e5 grund av skada.<\/p>\n<p>Omni \u00e4r politiskt obundna och oberoende. Vi str\u00e4var efter att ge fler perspektiv p\u00e5 nyheterna. Har du fr\u00e5gor eller synpunkter kring v\u00e5r rapportering? <a href=\"https:\/\/omni.se\/tavares-nadde-500-gransen-nar-toronto-akte-pa-storstryk\/a\/mailto:redaktion@omni.se\" class=\"ArticleActions_contactLink__W2F1M\" rel=\"nofollow noopener\" target=\"_blank\">Kontakta redaktionen<\/a><\/p>\n","protected":false},"excerpt":{"rendered":"I\u202fnattens match mot Columbus satte Torontos forward John Tavares karrri\u00e4rens 500:e m\u00e5l. Han blir d\u00e4rmed den 49:e spelaren&hellip;\n","protected":false},"author":2,"featured_media":67836,"comment_status":"","ping_status":"","sticky":false,"template":"","format":"standard","meta":{"footnotes":""},"categories":[68],"tags":[1472,6193,247,34,111,110,31,33,32,30,5214,6194],"class_list":{"0":"post-67835","1":"post","2":"type-post","3":"status-publish","4":"format-standard","5":"has-post-thumbnail","7":"category-sport","8":"tag-ishockey","9":"tag-john-tavares","10":"tag-nhl","11":"tag-se","12":"tag-sport","13":"tag-sports","14":"tag-svenska","15":"tag-sverige","16":"tag-sweden","17":"tag-swedish","18":"tag-toronto-maple-leafs","19":"tag-william-nylander"},"share_on_mastodon":{"url":"https:\/\/pubeurope.com\/@se\/115461862456748055","error":""},"_links":{"self":[{"href":"https:\/\/www.europesays.com\/se\/wp-json\/wp\/v2\/posts\/67835","targetHints":{"allow":["GET"]}}],"collection":[{"href":"https:\/\/www.europesays.com\/se\/wp-json\/wp\/v2\/posts"}],"about":[{"href":"https:\/\/www.europesays.com\/se\/wp-json\/wp\/v2\/types\/post"}],"author":[{"embeddable":true,"href":"https:\/\/www.europesays.com\/se\/wp-json\/wp\/v2\/users\/2"}],"replies":[{"embeddable":true,"href":"https:\/\/www.europesays.com\/se\/wp-json\/wp\/v2\/comments?post=67835"}],"version-history":[{"count":0,"href":"https:\/\/www.europesays.com\/se\/wp-json\/wp\/v2\/posts\/67835\/revisions"}],"wp:featuredmedia":[{"embeddable":true,"href":"https:\/\/www.europesays.com\/se\/wp-json\/wp\/v2\/media\/67836"}],"wp:attachment":[{"href":"https:\/\/www.europesays.com\/se\/wp-json\/wp\/v2\/media?parent=67835"}],"wp:term":[{"taxonomy":"category","embeddable":true,"href":"https:\/\/www.europesays.com\/se\/wp-json\/wp\/v2\/categories?post=67835"},{"taxonomy":"post_tag","embeddable":true,"href":"https:\/\/www.europesays.com\/se\/wp-json\/wp\/v2\/tags?post=67835"}],"curies":[{"name":"wp","href":"https:\/\/api.w.org\/{rel}","templated":true}]}}