{"id":67843,"date":"2025-10-30T07:22:12","date_gmt":"2025-10-30T07:22:12","guid":{"rendered":"https:\/\/www.europesays.com\/se\/67843\/"},"modified":"2025-10-30T07:22:12","modified_gmt":"2025-10-30T07:22:12","slug":"tricket-i-bonde-soker-fru-sa-luras-tittarna-i-tv4","status":"publish","type":"post","link":"https:\/\/www.europesays.com\/se\/67843\/","title":{"rendered":"Tricket i Bonde s\u00f6ker fru \u2013 s\u00e5 luras tittarna i TV4"},"content":{"rendered":"<p>Publicerad 30 okt 2025 kl 06.30<\/p>\n<p>Elin Fr\u00f6ding tar med sig brevskrivarna till sin g\u00e5rd i \u201dBonde s\u00f6ker fru\u201d i TV4.\u00a0<\/p>\n<p>Eller? Nja, inte riktigt.<\/p>\n<p>\u2013 Det blev \u00e4ndrade planer, f\u00f6rklarar hon f\u00f6r Expressen.<\/p>\n<p><img   alt=\"\"\/><\/p>\n<p>Elin Fr\u00f6ding.<\/p>\n<p>Foto: TV4<\/p>\n<p>\u00d6ppna bild i helsk\u00e4rm<img loading=\"lazy\"   alt=\"\"\/><\/p>\n<p>Elin och programledaren Linda Lindorff.<\/p>\n<p>Foto: KARIN T\u00d6RNBLOM \/ IBL<\/p>\n<p>\u00d6ppna bild i helsk\u00e4rm<\/p>\n<p>25-\u00e5riga Elin Fr\u00f6ling fr\u00e5n Habo \u00e4r en av b\u00f6nderna i h\u00f6stens s\u00e4song av \u201dBonde s\u00f6ker fru\u201d i <a href=\"https:\/\/www.expressen.se\/tagg\/organization\/tv4\/\" class=\"\" rel=\"nofollow noopener\" target=\"_blank\">TV4<\/a>. Det brukliga \u00e4r att b\u00f6nderna bor p\u00e5 sina respektive g\u00e5rdar och brevskrivarna flyttar in.<\/p>\n<p>Men i Elins fall \u00e4r det inte riktigt s\u00e5.<\/p>\n<p>Till vardags bor och jobbar hon p\u00e5 en g\u00e5rd i Habo, men hon \u00e4ger den inte \u2013 och det gjorde att brevskrivarna inte hade kunnat flytta in d\u00e4r, skriver <a href=\"https:\/\/www.hant.se\/noje\/bluffen-i-bonde-soker-fru-tv4-hyr-garden\/11073063\" rel=\"nofollow noopener\" target=\"_blank\">H\u00e4nt<\/a>.<\/p>\n<p>\u2013 Ja, av olika anledningar, s\u00e4ger Elin Fr\u00f6ling till Expressen.<\/p>\n<p>\u2013 Det blev \u00e4ndrade planer helt enkelt. Vi var h\u00e4r i Habo och spelade in introt. Men planen har varit att vi skulle spela in i Falkenberg.<\/p>\n<p>Den g\u00e5rden hyrde TV4 allts\u00e5 f\u00f6r inspelningen.<\/p>\n<p>\u2013 Det var egentligen bara under sommaren. Men med tanke p\u00e5 att jag inte \u00e4ger n\u00e5gon egen g\u00e5rd \u00e4r jag v\u00e4ldigt flyttbar. Det var en fin chans att f\u00e5 jobba p\u00e5 en annan g\u00e5rd f\u00f6r att f\u00e5 se var jag vill hamna n\u00e5nstans, s\u00e4ger hon.<\/p>\n<p>\u201dOtroligt magiskt \u2013 \u00e4r s\u00e5ld\u201d<\/p>\n<p>Och Halland gav mersmak.<\/p>\n<p>\u2013 En helt fantastisk plats. Otroligt magiskt. Man \u00e4r ju s\u00e5ld, det kanske \u00e4r dit det b\u00e4r av i framtiden, s\u00e4ger hon.<\/p>\n<p>Clara Tengbom, producent f\u00f6r \u201dBonde s\u00f6ker fru\u201d, skriver i en kommentar:<\/p>\n<p>\u201dElin jobbar med mj\u00f6lkproduktion p\u00e5 en g\u00e5rd d\u00e4r vi av produktionstekniska sk\u00e4l inte kunde spela in.\u201d<\/p>\n","protected":false},"excerpt":{"rendered":"Publicerad 30 okt 2025 kl 06.30 Elin Fr\u00f6ding tar med sig brevskrivarna till sin g\u00e5rd i \u201dBonde s\u00f6ker&hellip;\n","protected":false},"author":2,"featured_media":67844,"comment_status":"","ping_status":"","sticky":false,"template":"","format":"standard","meta":{"footnotes":""},"categories":[67],"tags":[104,384,34,645,31,33,32,30,218,105],"class_list":{"0":"post-67843","1":"post","2":"type-post","3":"status-publish","4":"format-standard","5":"has-post-thumbnail","7":"category-underhallning","8":"tag-entertainment","9":"tag-organization-tv4","10":"tag-se","11":"tag-sections-tv","12":"tag-svenska","13":"tag-sverige","14":"tag-sweden","15":"tag-swedish","16":"tag-topic-realityprogram","17":"tag-underhallning"},"share_on_mastodon":{"url":"https:\/\/pubeurope.com\/@se\/115461917467901878","error":""},"_links":{"self":[{"href":"https:\/\/www.europesays.com\/se\/wp-json\/wp\/v2\/posts\/67843","targetHints":{"allow":["GET"]}}],"collection":[{"href":"https:\/\/www.europesays.com\/se\/wp-json\/wp\/v2\/posts"}],"about":[{"href":"https:\/\/www.europesays.com\/se\/wp-json\/wp\/v2\/types\/post"}],"author":[{"embeddable":true,"href":"https:\/\/www.europesays.com\/se\/wp-json\/wp\/v2\/users\/2"}],"replies":[{"embeddable":true,"href":"https:\/\/www.europesays.com\/se\/wp-json\/wp\/v2\/comments?post=67843"}],"version-history":[{"count":0,"href":"https:\/\/www.europesays.com\/se\/wp-json\/wp\/v2\/posts\/67843\/revisions"}],"wp:featuredmedia":[{"embeddable":true,"href":"https:\/\/www.europesays.com\/se\/wp-json\/wp\/v2\/media\/67844"}],"wp:attachment":[{"href":"https:\/\/www.europesays.com\/se\/wp-json\/wp\/v2\/media?parent=67843"}],"wp:term":[{"taxonomy":"category","embeddable":true,"href":"https:\/\/www.europesays.com\/se\/wp-json\/wp\/v2\/categories?post=67843"},{"taxonomy":"post_tag","embeddable":true,"href":"https:\/\/www.europesays.com\/se\/wp-json\/wp\/v2\/tags?post=67843"}],"curies":[{"name":"wp","href":"https:\/\/api.w.org\/{rel}","templated":true}]}}