{"id":67851,"date":"2025-10-30T07:32:21","date_gmt":"2025-10-30T07:32:21","guid":{"rendered":"https:\/\/www.europesays.com\/se\/67851\/"},"modified":"2025-10-30T07:32:21","modified_gmt":"2025-10-30T07:32:21","slug":"peab-grundaren-erik-paulsson-har-dott","status":"publish","type":"post","link":"https:\/\/www.europesays.com\/se\/67851\/","title":{"rendered":"Peab-grundaren Erik Paulsson har d\u00f6tt"},"content":{"rendered":"<p>Fastighetsprofilen Erik Paulsson har g\u00e5tt bort vid 83 \u00e5rs \u00e5lder, rapporterar DI.<\/p>\n<p>Paulsson f\u00f6ddes 1942 och grundade byggj\u00e4tten Peab tillsammans med sin bror Mats Paulsson. <\/p>\n<p>\u2013 Han somnade in lugnt och stilla under natten, s\u00e4ger Lennart Mauritzon, vd f\u00f6r Erik Paulssons fastighetsholdingbolag Backahill, till aff\u00e4rstidningen.<\/p>\n<p>Backahill \u00e4r stor\u00e4gare\u202fi bland annat Catena, Fabege och Wihlborgs Fastigheter, och \u00e4gs numera av Erik Paulssons barn. Erik Paulsson l\u00e4mnade ordf\u00f6randeposten i augusti 2022, skriver DI.<\/p>\n<p>Omni \u00e4r politiskt obundna och oberoende. Vi str\u00e4var efter att ge fler perspektiv p\u00e5 nyheterna. Har du fr\u00e5gor eller synpunkter kring v\u00e5r rapportering? <a href=\"https:\/\/omni.se\/fastighetsprofilen-erik-paulsson-har-gatt-bort\/a\/mailto:redaktion@omni.se\" class=\"ArticleActions_contactLink__W2F1M\" rel=\"nofollow noopener\" target=\"_blank\">Kontakta redaktionen<\/a><\/p>\n","protected":false},"excerpt":{"rendered":"Fastighetsprofilen Erik Paulsson har g\u00e5tt bort vid 83 \u00e5rs \u00e5lder, rapporterar DI. Paulsson f\u00f6ddes 1942 och grundade byggj\u00e4tten&hellip;\n","protected":false},"author":2,"featured_media":67852,"comment_status":"","ping_status":"","sticky":false,"template":"","format":"standard","meta":{"footnotes":""},"categories":[65],"tags":[72,6197,70,71,6195,695,3012,34,31,33,32,30,6196],"class_list":{"0":"post-67851","1":"post","2":"type-post","3":"status-publish","4":"format-standard","5":"has-post-thumbnail","7":"category-ekonomi","8":"tag-business","9":"tag-catena","10":"tag-economy","11":"tag-ekonomi","12":"tag-erik-paulsson","13":"tag-fabege","14":"tag-peab","15":"tag-se","16":"tag-svenska","17":"tag-sverige","18":"tag-sweden","19":"tag-swedish","20":"tag-wihlborgs-fastigheter"},"share_on_mastodon":{"url":"https:\/\/pubeurope.com\/@se\/115461956748303468","error":""},"_links":{"self":[{"href":"https:\/\/www.europesays.com\/se\/wp-json\/wp\/v2\/posts\/67851","targetHints":{"allow":["GET"]}}],"collection":[{"href":"https:\/\/www.europesays.com\/se\/wp-json\/wp\/v2\/posts"}],"about":[{"href":"https:\/\/www.europesays.com\/se\/wp-json\/wp\/v2\/types\/post"}],"author":[{"embeddable":true,"href":"https:\/\/www.europesays.com\/se\/wp-json\/wp\/v2\/users\/2"}],"replies":[{"embeddable":true,"href":"https:\/\/www.europesays.com\/se\/wp-json\/wp\/v2\/comments?post=67851"}],"version-history":[{"count":0,"href":"https:\/\/www.europesays.com\/se\/wp-json\/wp\/v2\/posts\/67851\/revisions"}],"wp:featuredmedia":[{"embeddable":true,"href":"https:\/\/www.europesays.com\/se\/wp-json\/wp\/v2\/media\/67852"}],"wp:attachment":[{"href":"https:\/\/www.europesays.com\/se\/wp-json\/wp\/v2\/media?parent=67851"}],"wp:term":[{"taxonomy":"category","embeddable":true,"href":"https:\/\/www.europesays.com\/se\/wp-json\/wp\/v2\/categories?post=67851"},{"taxonomy":"post_tag","embeddable":true,"href":"https:\/\/www.europesays.com\/se\/wp-json\/wp\/v2\/tags?post=67851"}],"curies":[{"name":"wp","href":"https:\/\/api.w.org\/{rel}","templated":true}]}}