{"id":67868,"date":"2025-10-30T07:59:07","date_gmt":"2025-10-30T07:59:07","guid":{"rendered":"https:\/\/www.europesays.com\/se\/67868\/"},"modified":"2025-10-30T07:59:07","modified_gmt":"2025-10-30T07:59:07","slug":"fem-personer-gripna-for-juvelkuppen-pa-louvren","status":"publish","type":"post","link":"https:\/\/www.europesays.com\/se\/67868\/","title":{"rendered":"Fem personer gripna f\u00f6r juvelkuppen p\u00e5 Louvren"},"content":{"rendered":"<p>Fem personer har gripits misst\u00e4nkta f\u00f6r att ha varit delaktiga i juvelkuppen p\u00e5 Louvren, rapporterar RTL.<\/p>\n<p>Gripandena skedde sent p\u00e5 onsdagskv\u00e4llen i huvudstaden Paris.<\/p>\n<p>En av de gripna ska enligt uppgifter till BFMTV ha varit en del av det s\u00e5 kallade \u201dLouvrenkommandot\u201d och ska ha befunnit sig p\u00e5 plats n\u00e4r juvelerna stals.<\/p>\n<p>Tv\u00e5 m\u00e4n greps tidigare i veckan och erk\u00e4nde delvis p\u00e5 onsdagen sin delaktighet i r\u00e5net.<\/p>\n<p>N\u00e5gra juveler har \u00e4nnu inte hittats.<\/p>\n<p>Omni \u00e4r politiskt obundna och oberoende. Vi str\u00e4var efter att ge fler perspektiv p\u00e5 nyheterna. Har du fr\u00e5gor eller synpunkter kring v\u00e5r rapportering? <a href=\"https:\/\/omni.se\/tredje-person-gripen-for-juvelkuppen-pa-louvren\/a\/mailto:redaktion@omni.se\" class=\"ArticleActions_contactLink__W2F1M\" rel=\"nofollow noopener\" target=\"_blank\">Kontakta redaktionen<\/a><\/p>\n","protected":false},"excerpt":{"rendered":"Fem personer har gripits misst\u00e4nkta f\u00f6r att ha varit delaktiga i juvelkuppen p\u00e5 Louvren, rapporterar RTL. Gripandena skedde&hellip;\n","protected":false},"author":2,"featured_media":67869,"comment_status":"","ping_status":"","sticky":false,"template":"","format":"standard","meta":{"footnotes":""},"categories":[5],"tags":[22,23,267,26,27,266,17,21,24,25,5585,28,29,15,16,18,34,31,33,32,30,19,20],"class_list":{"0":"post-67868","1":"post","2":"type-post","3":"status-publish","4":"format-standard","5":"has-post-thumbnail","7":"category-rubriker","8":"tag-breaking-news","9":"tag-breakingnews","10":"tag-europa","11":"tag-featured-news","12":"tag-featurednews","13":"tag-frankrike","14":"tag-headlines","15":"tag-huvudnyheter","16":"tag-latest-news","17":"tag-latestnews","18":"tag-louvren","19":"tag-main-news","20":"tag-mainnews","21":"tag-news","22":"tag-nyheter","23":"tag-rubriker","24":"tag-se","25":"tag-svenska","26":"tag-sverige","27":"tag-sweden","28":"tag-swedish","29":"tag-top-stories","30":"tag-topstories"},"share_on_mastodon":{"url":"https:\/\/pubeurope.com\/@se\/115462063010626846","error":""},"_links":{"self":[{"href":"https:\/\/www.europesays.com\/se\/wp-json\/wp\/v2\/posts\/67868","targetHints":{"allow":["GET"]}}],"collection":[{"href":"https:\/\/www.europesays.com\/se\/wp-json\/wp\/v2\/posts"}],"about":[{"href":"https:\/\/www.europesays.com\/se\/wp-json\/wp\/v2\/types\/post"}],"author":[{"embeddable":true,"href":"https:\/\/www.europesays.com\/se\/wp-json\/wp\/v2\/users\/2"}],"replies":[{"embeddable":true,"href":"https:\/\/www.europesays.com\/se\/wp-json\/wp\/v2\/comments?post=67868"}],"version-history":[{"count":0,"href":"https:\/\/www.europesays.com\/se\/wp-json\/wp\/v2\/posts\/67868\/revisions"}],"wp:featuredmedia":[{"embeddable":true,"href":"https:\/\/www.europesays.com\/se\/wp-json\/wp\/v2\/media\/67869"}],"wp:attachment":[{"href":"https:\/\/www.europesays.com\/se\/wp-json\/wp\/v2\/media?parent=67868"}],"wp:term":[{"taxonomy":"category","embeddable":true,"href":"https:\/\/www.europesays.com\/se\/wp-json\/wp\/v2\/categories?post=67868"},{"taxonomy":"post_tag","embeddable":true,"href":"https:\/\/www.europesays.com\/se\/wp-json\/wp\/v2\/tags?post=67868"}],"curies":[{"name":"wp","href":"https:\/\/api.w.org\/{rel}","templated":true}]}}