{"id":67891,"date":"2025-10-30T08:25:12","date_gmt":"2025-10-30T08:25:12","guid":{"rendered":"https:\/\/www.europesays.com\/se\/67891\/"},"modified":"2025-10-30T08:25:12","modified_gmt":"2025-10-30T08:25:12","slug":"succen-svensken-toppar-poangligan-i-ahl","status":"publish","type":"post","link":"https:\/\/www.europesays.com\/se\/67891\/","title":{"rendered":"Succ\u00e9n: Svensken toppar po\u00e4ngligan i AHL"},"content":{"rendered":"<p><strong>Isak Ros\u00e9n har f\u00e5tt en flygande start p\u00e5 AHL-s\u00e4songen.<br \/>Efter tv\u00e5 po\u00e4ng i nattens 4\u20131-seger \u00f6ver Belleville toppar nu den svenske Rochester-forwarden po\u00e4ngligan i AHL.<\/strong><\/p>\n<p><img loading=\"lazy\" decoding=\"async\" width=\"1024\" height=\"658\" src=\"https:\/\/www.europesays.com\/se\/wp-content\/uploads\/2025\/10\/3D110Y5-1024x658.webp.webp\" alt=\"Isak Ros\u00e9n\" class=\"wp-image-319912\"  \/>Isak Ros\u00e9n.<br \/><strong>Foto:<\/strong> Jonathan Tenca\/Cal Sport Media\/Alamy<\/p>\n<p>F\u00f6rra s\u00e4songen blev <a href=\"https:\/\/hockeysverige.se\/spelare\/isak-rosen\/\" rel=\"nofollow noopener\" target=\"_blank\">Isak Ros\u00e9n<\/a> den po\u00e4ngb\u00e4ste svensken i farmarligan med sina 55 po\u00e4ng p\u00e5 61 matcher. Den h\u00e4r s\u00e4songen har den 22-\u00e5rige forwarden f\u00e5tt en flygande start p\u00e5 h\u00f6sten.<\/p>\n<p>I natt stod Ros\u00e9n f\u00f6r tv\u00e5 nya po\u00e4ng f\u00f6rdelat p\u00e5 ett m\u00e5l och en assist n\u00e4r Rochester besegrade Belleville med 4\u20131, vilket inneb\u00e4r att Ros\u00e9n g\u00e5r upp i toppen av <a href=\"https:\/\/hockeysverige.se\/ahl\/\" rel=\"nofollow noopener\" target=\"_blank\">AHL<\/a>:s po\u00e4ngliga.<\/p>\n<p>Ros\u00e9n har gjort po\u00e4ng i sju av \u00e5tta matcher under s\u00e4songsupptakten och har totalt skrapat ihop tolv po\u00e4ng (5+7) p\u00e5 de \u00e5tta inledande matcherna, vilket g\u00f6r att han delar ledningen i po\u00e4ngligan tillsammans med Nick Lardis och Danton Heinen.<\/p>\n<p>Begr\u00e4nsat med NHL-chanser<\/p>\n<p>Trots framg\u00e5ngarna i AHL, d\u00e4r Ros\u00e9n varit en p\u00e5litlig po\u00e4ngplockare sedan han l\u00e4mnade Leksand 2022, har chanserna i NHL med <a href=\"https:\/\/hockeysverige.se\/klubb\/buffalo-sabres\/\" rel=\"nofollow noopener\" target=\"_blank\">Buffalo Sabres<\/a> varit begr\u00e4nsade f\u00f6r forwarden. F\u00f6rra s\u00e4songen spelade forwarden \u00e5tta matcher i <a href=\"https:\/\/hockeysverige.se\/nhl\/\" rel=\"nofollow noopener\" target=\"_blank\">NHL<\/a> med en assist som po\u00e4ngfacit, medan han s\u00e4songen 2023\/24 var ombytt i sju NHL-matcher utan att producera n\u00e5gon po\u00e4ng f\u00f6r Sabres.<\/p>\n<p>22-\u00e5ringen draftades i f\u00f6rstarundan 2021 som 14:e spelare totalt av Buffalo Sabres och hann spela 51 matcher i <a href=\"https:\/\/hockeysverige.se\/shl\/\" rel=\"nofollow noopener\" target=\"_blank\">SHL<\/a> med <a href=\"https:\/\/hockeysverige.se\/klubb\/leksands-if\/\" rel=\"nofollow noopener\" target=\"_blank\">Leksand<\/a> innan han tog steget \u00f6ver till Nordamerika. Ros\u00e9n blev 2020 <a href=\"https:\/\/www.moratidning.se\/2020-03-11\/rosen-blev-fjarde-yngsta-spelaren-i-leksands-shl-historia-och-nara-bli-malskytt-dromt-om-det\/\" rel=\"nofollow noopener\" target=\"_blank\">den fj\u00e4rde yngsta debutanten<\/a> i Leksands SHL-historia, d\u00e5 han som 16-\u00e5ring debuterade i en bortamatch mot \u00d6rebro.<\/p>\n<p> Source: <a href=\"https:\/\/www.eliteprospects.com\/player\/420269\/isak-rosen\" target=\"_blank\" rel=\"noopener noreferrer nofollow\">Isak Ros\u00e9n<\/a> @ Elite Prospects<\/p>\n","protected":false},"excerpt":{"rendered":"Isak Ros\u00e9n har f\u00e5tt en flygande start p\u00e5 AHL-s\u00e4songen.Efter tv\u00e5 po\u00e4ng i nattens 4\u20131-seger \u00f6ver Belleville toppar nu&hellip;\n","protected":false},"author":2,"featured_media":67892,"comment_status":"","ping_status":"","sticky":false,"template":"","format":"standard","meta":{"footnotes":""},"categories":[68],"tags":[2544,34,111,110,31,33,32,30,379],"class_list":{"0":"post-67891","1":"post","2":"type-post","3":"status-publish","4":"format-standard","5":"has-post-thumbnail","7":"category-sport","8":"tag-ahl","9":"tag-se","10":"tag-sport","11":"tag-sports","12":"tag-svenska","13":"tag-sverige","14":"tag-sweden","15":"tag-swedish","16":"tag-top-article"},"share_on_mastodon":{"url":"https:\/\/pubeurope.com\/@se\/115462165275203703","error":""},"_links":{"self":[{"href":"https:\/\/www.europesays.com\/se\/wp-json\/wp\/v2\/posts\/67891","targetHints":{"allow":["GET"]}}],"collection":[{"href":"https:\/\/www.europesays.com\/se\/wp-json\/wp\/v2\/posts"}],"about":[{"href":"https:\/\/www.europesays.com\/se\/wp-json\/wp\/v2\/types\/post"}],"author":[{"embeddable":true,"href":"https:\/\/www.europesays.com\/se\/wp-json\/wp\/v2\/users\/2"}],"replies":[{"embeddable":true,"href":"https:\/\/www.europesays.com\/se\/wp-json\/wp\/v2\/comments?post=67891"}],"version-history":[{"count":0,"href":"https:\/\/www.europesays.com\/se\/wp-json\/wp\/v2\/posts\/67891\/revisions"}],"wp:featuredmedia":[{"embeddable":true,"href":"https:\/\/www.europesays.com\/se\/wp-json\/wp\/v2\/media\/67892"}],"wp:attachment":[{"href":"https:\/\/www.europesays.com\/se\/wp-json\/wp\/v2\/media?parent=67891"}],"wp:term":[{"taxonomy":"category","embeddable":true,"href":"https:\/\/www.europesays.com\/se\/wp-json\/wp\/v2\/categories?post=67891"},{"taxonomy":"post_tag","embeddable":true,"href":"https:\/\/www.europesays.com\/se\/wp-json\/wp\/v2\/tags?post=67891"}],"curies":[{"name":"wp","href":"https:\/\/api.w.org\/{rel}","templated":true}]}}