{"id":68120,"date":"2025-10-30T12:40:11","date_gmt":"2025-10-30T12:40:11","guid":{"rendered":"https:\/\/www.europesays.com\/se\/68120\/"},"modified":"2025-10-30T12:40:11","modified_gmt":"2025-10-30T12:40:11","slug":"ryskt-plan-over-ostersjon-igen","status":"publish","type":"post","link":"https:\/\/www.europesays.com\/se\/68120\/","title":{"rendered":"Ryskt plan \u00f6ver \u00d6stersj\u00f6n \u2013\u00a0igen"},"content":{"rendered":"<p>Publicerad 30 okt 2025 kl 12.26Uppdaterad kl 13.20<\/p>\n<p>Polen har skickat upp stridsflygplan f\u00f6r att mota ett ryskt rekogniseringsplan \u00f6ver \u00d6stersj\u00f6n, rapporterar Reuters.<\/p>\n<p><img   alt=\"\"\/> <\/p>\n<p>Foto: STELLA PICTURES \/ STELLA PICTURES RK BILD<\/p>\n<p>\u00d6ppna bild i helsk\u00e4rm<img loading=\"lazy\"   alt=\"\"\/><\/p>\n<p>Flygvapnets operationschef Robert Krznaric.<\/p>\n<p>Foto: F\u00f6rsvarsmakten.<\/p>\n<p>\u00d6ppna bild i helsk\u00e4rm<\/p>\n<p>Det ryska planet hade inte slagit p\u00e5 sina transpondrar, som g\u00f6r det m\u00f6jligt f\u00f6r andra flygplan att se var det befinner sig. D\u00e4rmed skickades polska stridsflygplan upp f\u00f6r att mota bort det.<\/p>\n<p>En liknande incident skedde i tisdags, uppger Polens f\u00f6rsvarsminister Wladyslaw Kosiniak-Kamysz. \u00c4ven d\u00e5 befann sig ett ryskt rekogniseringsflygplan i internationellt luftrum \u00f6ver \u00d6stersj\u00f6n utan resplan och med avslagna transpondrar.<\/p>\n<p>L\u00e4nderna p\u00e5 Natos \u00f6stra flank \u00e4r p\u00e5 helsp\u00e4nn f\u00f6r m\u00f6jliga luftkr\u00e4nkningar sedan i september, d\u00e5 tre ryska stridsflygplan kr\u00e4nkte Estlands luftrum under tolv minuter. Kort dessf\u00f6rinnan kr\u00e4nkte \u00f6ver 20 ryska dr\u00f6nare polskt luftrum.<\/p>\n<p>S\u00e5 fungerar Sveriges incidentberedskap<\/p>\n<p>Sverige har vid flera tillf\u00e4llen under sommaren och h\u00f6sten skickat upp stridsflygplan f\u00f6r att identifiera ryska milit\u00e4rflygplan \u00f6ver \u00d6stersj\u00f6n, i synkroniserade insatser tillsammans med Natoallierade.<\/p>\n<p>I ett f\u00f6rsta l\u00e4ge handlar det om att m\u00f6ta utl\u00e4ndska flygplan i internationellt luftrum. Men skulle ett flygplan kr\u00e4nka Sveriges luftrum f\u00e5r flygvapnet \u201dbek\u00e4mpa inkommande utl\u00e4ndska statsluftfartyg och obemannade system\u201d.<\/p>\n<p>\u2013 F\u00f6r att vi ska kunna agera s\u00e5 snabbt som det kr\u00e4vs. Vi bed\u00f6mer hotet och konsekvensen om det inte skulle bek\u00e4mpas. V\u00e5ra skydds\u00e5tg\u00e4rder och v\u00e5ldsanv\u00e4ndande blir i proportion till hotet, s\u00e4ger flygvapnets operationschef Robert Krznaric i ett pressmeddelande.<\/p>\n<p><a href=\"https:\/\/www.expressen.se\/tagg\/organization\/forsvarsmakten\/\" class=\"\" rel=\"nofollow noopener\" target=\"_blank\">F\u00f6rsvarsmakten<\/a> och flygvapnet bevakar i dag hela \u00d6stersj\u00f6omr\u00e5det och \u00e4r beredda att ingripa om s\u00e5 kr\u00e4vs.<\/p>\n<p>\u2013 Flygvapnet har redan i dag f\u00f6rm\u00e5ga och kapacitet att snabbt v\u00e4xla upp f\u00f6r att kunna m\u00f6ta olika typer av hot. Som exempelvis stridsflyg, bombflyg, kryssningsmissiler eller dr\u00f6nare som Shahed, s\u00e4ger Krznaric.<\/p>\n","protected":false},"excerpt":{"rendered":"Publicerad 30 okt 2025 kl 12.26Uppdaterad kl 13.20 Polen har skickat upp stridsflygplan f\u00f6r att mota ett ryskt&hellip;\n","protected":false},"author":2,"featured_media":68121,"comment_status":"","ping_status":"","sticky":false,"template":"","format":"standard","meta":{"footnotes":""},"categories":[5],"tags":[50,22,23,26,27,17,21,24,25,3515,28,29,15,16,48,18,34,154,31,33,32,30,19,60,49,20],"class_list":{"0":"post-68120","1":"post","2":"type-post","3":"status-publish","4":"format-standard","5":"has-post-thumbnail","7":"category-rubriker","8":"tag-arme-forsvar","9":"tag-breaking-news","10":"tag-breakingnews","11":"tag-featured-news","12":"tag-featurednews","13":"tag-headlines","14":"tag-huvudnyheter","15":"tag-latest-news","16":"tag-latestnews","17":"tag-location-polen","18":"tag-main-news","19":"tag-mainnews","20":"tag-news","21":"tag-nyheter","22":"tag-organization-forsvarsmakten","23":"tag-rubriker","24":"tag-se","25":"tag-sections-sverige","26":"tag-svenska","27":"tag-sverige","28":"tag-sweden","29":"tag-swedish","30":"tag-top-stories","31":"tag-topic-krig-konflikt","32":"tag-topic-militar","33":"tag-topstories"},"share_on_mastodon":{"url":"https:\/\/pubeurope.com\/@se\/115463167886716341","error":""},"_links":{"self":[{"href":"https:\/\/www.europesays.com\/se\/wp-json\/wp\/v2\/posts\/68120","targetHints":{"allow":["GET"]}}],"collection":[{"href":"https:\/\/www.europesays.com\/se\/wp-json\/wp\/v2\/posts"}],"about":[{"href":"https:\/\/www.europesays.com\/se\/wp-json\/wp\/v2\/types\/post"}],"author":[{"embeddable":true,"href":"https:\/\/www.europesays.com\/se\/wp-json\/wp\/v2\/users\/2"}],"replies":[{"embeddable":true,"href":"https:\/\/www.europesays.com\/se\/wp-json\/wp\/v2\/comments?post=68120"}],"version-history":[{"count":0,"href":"https:\/\/www.europesays.com\/se\/wp-json\/wp\/v2\/posts\/68120\/revisions"}],"wp:featuredmedia":[{"embeddable":true,"href":"https:\/\/www.europesays.com\/se\/wp-json\/wp\/v2\/media\/68121"}],"wp:attachment":[{"href":"https:\/\/www.europesays.com\/se\/wp-json\/wp\/v2\/media?parent=68120"}],"wp:term":[{"taxonomy":"category","embeddable":true,"href":"https:\/\/www.europesays.com\/se\/wp-json\/wp\/v2\/categories?post=68120"},{"taxonomy":"post_tag","embeddable":true,"href":"https:\/\/www.europesays.com\/se\/wp-json\/wp\/v2\/tags?post=68120"}],"curies":[{"name":"wp","href":"https:\/\/api.w.org\/{rel}","templated":true}]}}