{"id":68150,"date":"2025-10-30T13:10:15","date_gmt":"2025-10-30T13:10:15","guid":{"rendered":"https:\/\/www.europesays.com\/se\/68150\/"},"modified":"2025-10-30T13:10:15","modified_gmt":"2025-10-30T13:10:15","slug":"larmet-inifran-ryska-armen-mordar-sina-egna","status":"publish","type":"post","link":"https:\/\/www.europesays.com\/se\/68150\/","title":{"rendered":"Larmet inifr\u00e5n ryska arm\u00e9n: M\u00f6rdar sina egna"},"content":{"rendered":"<p>\u00d6ver 100 ryska bef\u00e4l har m\u00f6rdat sina egna soldater, visar en granskning fr\u00e5n oberoende ryska <a href=\"https:\/\/verstka.media\/kak-zhivut-mobilizovannye-spustya-tri-goda?utm_source=chatgpt.com\" rel=\"nofollow noopener\" target=\"_blank\">Verstka<\/a>.<\/p>\n<p>I vittnesm\u00e5len framg\u00e5r det att flera av bef\u00e4len torterat soldaterna, tvingat till sig pengar och i ett fall m\u00f6rdat en skadad soldat genom att t\u00e4nda eld p\u00e5 honom.<\/p>\n<p>Nu varnar uppgiftsl\u00e4mnare f\u00f6r inb\u00f6rdeskrig i Ryssland \u2013 n\u00e4r soldaterna \u00e5terv\u00e4nder hem.<\/p>\n<p>\u2013 Folk \u00e4r desperata, s\u00e4ger Yuri, en soldat som Verstka talat med.<\/p>\n<p>Senaste klippen om kriget i Ukraina.<img   alt=\"\"\/><\/p>\n<p>\u00d6ver 100 ryska bef\u00e4l har m\u00f6rdat sina egna soldater, visar en granskning fr\u00e5n oberoende ryska Verstka.<\/p>\n<p>Foto: Daniel Van Moll \/ SHUTTERSTOCK EDITORIAL\/REX\/IBL<\/p>\n<p>\u00d6ppna bild i helsk\u00e4rm<img loading=\"lazy\"   alt=\"\"\/><\/p>\n<p>Nu varnar uppgiftsl\u00e4mnare f\u00f6r inb\u00f6rdeskrig i Ryssland \u2013 n\u00e4r soldaterna \u00e5terv\u00e4nder hem.<\/p>\n<p>Foto: \u042f\u0433\u043e\u0434\u043a\u0438\u043d \u0414\u043c\u0438\u0442\u0440\u0438\u0439 \/ Zuma Press \/ TT NYHETSBYR\u00c5N<\/p>\n<p>\u00d6ppna bild i helsk\u00e4rm<img loading=\"lazy\"   alt=\"\"\/><\/p>\n<p>Kreml och ryska ledningen l\u00e4r inte vara medvetna om vad de har skapat, enligt Verstka.<\/p>\n<p>Foto: VYACHESLAV PROKOFIEV \/ SPUTNIK \/ KREMLIN P \/ EPA SPUTNIK POOL<\/p>\n<p>\u00d6ppna bild i helsk\u00e4rm<\/p>\n<p>Sedan den fullskaliga ryska invasionen inleddes i februari 2022 har krigsbrotten som <a href=\"https:\/\/www.expressen.se\/tagg\/location\/ryssland\/\" class=\"\" rel=\"nofollow noopener\" target=\"_blank\">Ryssland<\/a> gjort sig skyldiga till i Ukraina varit v\u00e4ldokumenterade, och ukrainska myndigheter har i skrivande stund \u00f6ver 130 000 utredningar i g\u00e5ng.<\/p>\n<p>Men ryska trupper har ocks\u00e5 gett sig p\u00e5 sina egna. I en granskning av ryska oberoende Verstka framg\u00e5r det att 101 ryska bef\u00e4l gjort sig skyldiga till \u00f6vergrepp, tortyr och mord \u2013 p\u00e5 sina egna soldater.<\/p>\n<p>I vissa fall f\u00f6r att soldaterna inte velat storma skyttegravar. I andra fall f\u00f6r att de v\u00e4grat betala \u201dtribut\u201d till sina \u00f6verordnade. Bland de bef\u00e4len som namnges i granskningen har fem av dem f\u00e5tt utm\u00e4rkelsen \u201dRysslands hj\u00e4lte\u201d.<\/p>\n<p>ARTIKELN I KORTHET<\/p>\n<p> Ryska bef\u00e4l har m\u00f6rdat och torterat egna soldater, enligt en granskning av Verstka.<\/p>\n<p> Vittnen varnar f\u00f6r inb\u00f6rdeskrig n\u00e4r soldater \u00e5terv\u00e4nder hem.<\/p>\n<p> V\u00e5ld, \u00f6vergrepp och \u201dnollning\u201d har blivit vardag vid fronten.<\/p>\n<p> Trots \u00f6ver 12 000 anm\u00e4lningar om \u00f6vergrepp har endast fem personer d\u00f6mts.<\/p>\n<p>Visa mer12 000 anm\u00e4lningar \u2013 5 domar<\/p>\n<p>Exakt hur m\u00e5nga soldater som m\u00f6rdats av sina bef\u00e4l \u00e4r sv\u00e5rt att fastst\u00e4lla. Enligt Moscow Times har 12 000 anm\u00e4lningar om \u00f6vergrepp fr\u00e5n bef\u00e4l gjorts. Totalt har fem (5) personer d\u00f6mts f\u00f6r att d\u00f6dat sina underordnade.<\/p>\n<p>Verstka har i sin granskning talat med soldater som \u00e4r eller har varit vid fronten, och med anh\u00f6riga.<\/p>\n<p>Bilden som framkommer \u00e4r en rysk arm\u00e9 d\u00e4r v\u00e5ld, \u00f6vergrepp, tortyr och mord blivit en del av vardagen f\u00f6r de som befinner sig i Ukraina.<\/p>\n<p>De som har ertappats med att dricka alkohol, v\u00e4grat lyda order eller ifr\u00e5gasatt sina bef\u00e4l ska enligt vittnen ha skjutits ihj\u00e4l eller skickats p\u00e5 sj\u00e4lvmordsuppdrag utan skyddsutrustning och \u00e4ven i vissa fall vapen.<\/p>\n<p>Bef\u00e4len kallar det f\u00f6r \u201dnollning\u201d \u2013 att \u201dnollst\u00e4lla\u201d en obekv\u00e4m soldat genom att d\u00f6da honom.<\/p>\n<p>Andra har d\u00f6dats genom tortyr i gropar, d\u00e4r de sp\u00e4rrats in med galler \u00f6ver huvudet och l\u00e5ngsamt frusit eller drunknat. Andra har spr\u00e4ngts f\u00f6r att d\u00f6lja sp\u00e5r av misshandel och tortyr.<\/p>\n<p>\u201dN\u00e4r vi kommer hem kommer kriget bryta ut h\u00e4r\u201d<\/p>\n<p>\u00d6verlevande och vittnen till massakrerna s\u00e4ger sig helt sakna hopp om att det ryska r\u00e4ttsystemet ska lagf\u00f6ra f\u00f6r\u00f6varna. Flera \u00f6verv\u00e4ger i st\u00e4llet att ta en personlig h\u00e4mnd p\u00e5 f\u00f6r\u00f6varna bland bef\u00e4len.<\/p>\n<p>Flera vittnar ocks\u00e5 om hur kriget brutaliserat dem och att det civila Ryssland har v\u00e4nt dem ryggen.<\/p>\n<p>\u2013 N\u00e4r vi kommer hem kommer kriget bryta ut h\u00e4r, i landet. De d\u00e4r uppe f\u00f6rst\u00e5r inte vad de har skapat, s\u00e4ger en mobiliserad soldat till Verstka, och syftar till Kreml.<\/p>\n<p>Han beskriver hur m\u00e5nga av dem som \u00f6verlever fronten redan har f\u00f6rlorat allt \u2013 familjer, v\u00e4nner, r\u00e4dsla. N\u00e4r de \u00e5terv\u00e4nder kommer inget att h\u00e5lla dem tillbaka, de kommer att dricka, sl\u00e5ss, ta ut sin vrede: \u201dF\u00e4ngelse skr\u00e4mmer ingen. Vi har vant oss vid d\u00f6den\u201d.<\/p>\n<p>Yuri, en annan soldat delar uppfattningen.<\/p>\n<p>\u2013 Folk \u00e4r desperata. Hur kan vi f\u00e5 meddelandet till v\u00e5r regering: Ett krig kommer att bryta ut, i v\u00e5rt land. Allvarligt, jag har till och med funderat p\u00e5 att f\u00e5nga en h\u00f6gt uppsatt f\u00f6retr\u00e4dares son och offentligt hugga honom i tv\u00e5 delar p\u00e5 ett torg.<\/p>\n<p><strong>L\u00c4S MER: <\/strong><a href=\"https:\/\/www.expressen.se\/nyheter\/varlden\/viktiga-pokrovsk-riskerar-att-falla-bortom-kritiskt\/\" class=\"\" rel=\"nofollow noopener\" target=\"_blank\">Viktiga Pokrovsk riskerar att falla: \u201dBortom kritiskt\u201d<\/a>Sl\u00e5s ut av dr\u00f6nare.<\/p>\n","protected":false},"excerpt":{"rendered":"\u00d6ver 100 ryska bef\u00e4l har m\u00f6rdat sina egna soldater, visar en granskning fr\u00e5n oberoende ryska Verstka. I vittnesm\u00e5len&hellip;\n","protected":false},"author":2,"featured_media":68151,"comment_status":"","ping_status":"","sticky":false,"template":"","format":"standard","meta":{"footnotes":""},"categories":[14],"tags":[50,22,23,26,27,17,21,24,25,274,202,28,29,15,276,16,543,18,34,55,31,33,32,30,19,60,49,1496,436,20,51,52,53,54],"class_list":{"0":"post-68150","1":"post","2":"type-post","3":"status-publish","4":"format-standard","5":"has-post-thumbnail","7":"category-varlden","8":"tag-arme-forsvar","9":"tag-breaking-news","10":"tag-breakingnews","11":"tag-featured-news","12":"tag-featurednews","13":"tag-headlines","14":"tag-huvudnyheter","15":"tag-latest-news","16":"tag-latestnews","17":"tag-location-ryssland","18":"tag-location-ukraina","19":"tag-main-news","20":"tag-mainnews","21":"tag-news","22":"tag-newsstory-kriget-i-ukraina","23":"tag-nyheter","24":"tag-organization-kreml","25":"tag-rubriker","26":"tag-se","27":"tag-sections-varlden","28":"tag-svenska","29":"tag-sverige","30":"tag-sweden","31":"tag-swedish","32":"tag-top-stories","33":"tag-topic-krig-konflikt","34":"tag-topic-militar","35":"tag-topic-misshandel-overfall","36":"tag-topic-valdsbrott-mord","37":"tag-topstories","38":"tag-varlden","39":"tag-world","40":"tag-world-news","41":"tag-worldnews"},"share_on_mastodon":{"url":"","error":"Validation failed: Text character limit of 500 exceeded"},"_links":{"self":[{"href":"https:\/\/www.europesays.com\/se\/wp-json\/wp\/v2\/posts\/68150","targetHints":{"allow":["GET"]}}],"collection":[{"href":"https:\/\/www.europesays.com\/se\/wp-json\/wp\/v2\/posts"}],"about":[{"href":"https:\/\/www.europesays.com\/se\/wp-json\/wp\/v2\/types\/post"}],"author":[{"embeddable":true,"href":"https:\/\/www.europesays.com\/se\/wp-json\/wp\/v2\/users\/2"}],"replies":[{"embeddable":true,"href":"https:\/\/www.europesays.com\/se\/wp-json\/wp\/v2\/comments?post=68150"}],"version-history":[{"count":0,"href":"https:\/\/www.europesays.com\/se\/wp-json\/wp\/v2\/posts\/68150\/revisions"}],"wp:featuredmedia":[{"embeddable":true,"href":"https:\/\/www.europesays.com\/se\/wp-json\/wp\/v2\/media\/68151"}],"wp:attachment":[{"href":"https:\/\/www.europesays.com\/se\/wp-json\/wp\/v2\/media?parent=68150"}],"wp:term":[{"taxonomy":"category","embeddable":true,"href":"https:\/\/www.europesays.com\/se\/wp-json\/wp\/v2\/categories?post=68150"},{"taxonomy":"post_tag","embeddable":true,"href":"https:\/\/www.europesays.com\/se\/wp-json\/wp\/v2\/tags?post=68150"}],"curies":[{"name":"wp","href":"https:\/\/api.w.org\/{rel}","templated":true}]}}