{"id":68188,"date":"2025-10-30T13:39:24","date_gmt":"2025-10-30T13:39:24","guid":{"rendered":"https:\/\/www.europesays.com\/se\/68188\/"},"modified":"2025-10-30T13:39:24","modified_gmt":"2025-10-30T13:39:24","slug":"hallams-svar-darfor-tar-nicklas-backstrom-plats-i-tre-kronor","status":"publish","type":"post","link":"https:\/\/www.europesays.com\/se\/68188\/","title":{"rendered":"Hallams svar \u2013 d\u00e4rf\u00f6r tar Nicklas B\u00e4ckstr\u00f6m plats i Tre Kronor"},"content":{"rendered":"<p><strong><a href=\"https:\/\/hockeysverige.se\/spelare\/nicklas-backstrom\" rel=\"nofollow noopener\" target=\"_blank\">Nicklas B\u00e4ckstr\u00f6m<\/a> \u00e4r tillbaka i <a href=\"https:\/\/hockeysverige.se\/landslag\/sverige\" rel=\"nofollow noopener\" target=\"_blank\">Tre Kronor<\/a>. <br \/>F\u00f6r hockeysverige.se svarar Sam Hallam om beslutet att ta ut <a href=\"https:\/\/hockeysverige.se\/klubb\/brynas-if\" rel=\"nofollow noopener\" target=\"_blank\">Bryn\u00e4s<\/a>stj\u00e4rnan. <br \/>\u2014 N\u00e4r han \u00e4nd\u00e5 var fr\u00e4sch var det bara att ta tillf\u00e4llet i akt och spela, s\u00e4ger Hallam. <\/strong><\/p>\n<p><img loading=\"lazy\" decoding=\"async\" width=\"1024\" height=\"658\" src=\"https:\/\/www.europesays.com\/se\/wp-content\/uploads\/2025\/10\/Backstrom-Hallam-1024x658.webp.webp\" alt=\"Nicklas B\u00e4ckstr\u00f6m. Sam Hallam. Tre Kronor.\" class=\"wp-image-319699\"  \/>Nicklas B\u00e4ckstr\u00f6m har tackat ja till Tre Kronor-spel, till Sam Hallams stora gl\u00e4dje. <strong>Foto: <\/strong>Bildbyr\u00e5n &amp; Ronnie R\u00f6nnkvist (Montage)<\/p>\n<p>BARKARBY (HOCKEYSVERIGE.SE)<\/p>\n<p>Nicklas B\u00e4ckstr\u00f6m \u00e4r tillbaka i Tre Kronor. Han debuterade i landslaget s\u00e4songen 2005\/06 och nu, 20 s\u00e4songer senare och 37 \u00e5r ung\/gammal, har Sam Hallam tagit ut honom f\u00f6r spel i <a href=\"https:\/\/hockeysverige.se\/euro-hockey-tour\" rel=\"nofollow noopener\" target=\"_blank\">Finland Hockey Games<\/a>.<\/p>\n<p>\u2014 Helheten. Hans hockeykunnande, hans lugn, hans spelf\u00f6rst\u00e5else och hans erfarenhet. Allts\u00e5 en massa saker, svarar Sam Hallam d\u00e5 hockeysverige.se, efter presskonferensen som var f\u00f6rlagd i Barkarby norr om Stockholm, fr\u00e5gar om vad som l\u00e5g bakom att han valde att ta ut Nicklas B\u00e4ckstr\u00f6m i Tre Kronor.<br \/>\u2014 Nicklas \u00e4r en v\u00e4ldigt bra hockeyspelare som jobbat h\u00e5rt f\u00f6r att komma tillbaka till den h\u00e4r niv\u00e5n. Det ska bli kul att f\u00e5 se honom dra p\u00e5 sig Tre Kronor-tr\u00f6jan igen.<\/p>\n<p>Sam Hallam hyllar Nicklas B\u00e4ckstr\u00f6m<\/p>\n<p><strong>Utifr\u00e5n f\u00f6rv\u00e4ntningarna som har varit och \u00e4r p\u00e5 honom, hur ser du p\u00e5 hans s\u00e4song s\u00e5 h\u00e4r l\u00e5ngt?<\/strong><br \/>\u2014 Den har varit j\u00e4ttebra. Jag tycker att han \u00e4r v\u00e4ldigt tydlig med att han spelar f\u00f6r laget i alla l\u00e4gen. F\u00f6ljer direktiven utan att jag vet exakt vet hur Bryn\u00e4s vill spela.<br \/>\u2014 Just individuella besluten \u00e4r v\u00e4ldigt noggranna, laglojala och \u00f6dmjuka. Det s\u00e4ger ocks\u00e5 mycket om personen Nicklas, hur han spelar ishockey och bryr sig.<\/p>\n<p><img loading=\"lazy\" decoding=\"async\" width=\"1024\" height=\"658\" src=\"https:\/\/www.europesays.com\/se\/wp-content\/uploads\/2025\/10\/Nicklas-Backstrom-Gavle-1-1024x658.webp.webp\" alt=\"Nicklas B\u00e4ckstr\u00f6m.\" class=\"wp-image-319701\"  \/>Nicklas B\u00e4ckstr\u00f6m \u00e4r tillbaka i SHL, och nu \u00e4ven i Tre Kronor. <strong>Foto:<\/strong> Ronnie R\u00f6nnkvst<\/p>\n<p><strong>Vad ser du som hans styrka som hockeyspelare?<br \/><\/strong>\u2014 Hans spelf\u00f6rst\u00e5else \u00e4r p\u00e5 en absolut toppniv\u00e5 och lugnet med pucken \u00e4r det som sticker ut allra mest.<\/p>\n<p><strong>Om du ser till hela hans resa, vad betyder det vid sidan av isen att f\u00e5 in en s\u00e5dan kille?<\/strong><br \/>\u2014 Det \u00e4r nog bra, men vi har en trupp med m\u00e5nga etablerade spelare. Jag hoppas Nicklas kommer trivas i den och k\u00e4nner att det \u00e4r l\u00e5ngt ifr\u00e5n han ensam som ska leda det h\u00e4r laget.<br \/>\u2014 Det finns m\u00e5nga andra lagkaptener med fr\u00e5n andra klubbar i SHL s\u00e5 han \u00e4r i ett bra s\u00e4llskap.<\/p>\n<p><strong>Vad sa han n\u00e4r du ringde?<\/strong><br \/>\u2014 Vi pratade kort hur han k\u00e4nde sig i kroppen och han svarade att han k\u00e4nde sig fr\u00e4sch. N\u00e4r han \u00e4nd\u00e5 var fr\u00e4sch var det bara att ta tillf\u00e4llet i akt och spela.<\/p>\n<p><img loading=\"lazy\" decoding=\"async\" width=\"1024\" height=\"658\" src=\"https:\/\/www.europesays.com\/se\/wp-content\/uploads\/2025\/10\/Silfverberg-Lindberg-1024x658.webp.webp\" alt=\"Jakob Silfverberg. Oscar Lindberg.\" class=\"wp-image-319700\"  \/>Varken Jakob Silfverberg eller Oscar Lindberg \u00e4r med i Tre Kronor-truppen. <strong>Foto: <\/strong>Bildbyr\u00e5n<\/p>\n<p>D\u00e4rf\u00f6r saknas po\u00e4ngkungen i Tre Kronor<\/p>\n<p>D\u00e4remot \u00e4r Bryn\u00e4s andra stora stj\u00e4rna, <a href=\"https:\/\/hockeysverige.se\/spelare\/jakob-silfverberg\" rel=\"nofollow noopener\" target=\"_blank\">Jakob Silfverberg<\/a>, inte med. Kring det \u00e4r f\u00f6rbundskaptenen mer f\u00e5ordig.<\/p>\n<p>\u2014 D\u00e4r \u00e4r det inte mer \u00e4n fullt fokus p\u00e5 Bryn\u00e4s. Jakob \u00e4r Bryn\u00e4s spelare och inte Tre Kronors spelare, s\u00e5 jag vill inte prata s\u00e5 mycket om det.<\/p>\n<p>Sam Hallam l\u00e4mnar ungef\u00e4r samma svar d\u00e5 det g\u00e4ller <a href=\"https:\/\/hockeysverige.se\/shl\" rel=\"nofollow noopener\" target=\"_blank\">SHL<\/a>:s kanske b\u00e4sta spelare just nu, <a href=\"https:\/\/hockeysverige.se\/spelare\/oscar-lindberg\" rel=\"nofollow noopener\" target=\"_blank\">Oscar Lindberg<\/a>.<\/p>\n<p>\u2014 Samma sak d\u00e4r. Han spelar i <a href=\"https:\/\/hockeysverige.se\/klubb\/skelleftea-aik\" rel=\"nofollow noopener\" target=\"_blank\">Skellefte\u00e5<\/a> och har haft en j\u00e4ttebra start p\u00e5 s\u00e4songen. Vi f\u00e5r se fram\u00f6ver om han drar p\u00e5 sig Tre Kronors-tr\u00f6jan, avslutar Sam Hallam.<\/p>\n<p> Source: <a href=\"https:\/\/www.eliteprospects.com\/player\/3682\/nicklas-backstrom\" target=\"_blank\" rel=\"noopener noreferrer nofollow\">Nicklas B\u00e4ckstr\u00f6m<\/a> @ Elite Prospects<\/p>\n","protected":false},"excerpt":{"rendered":"Nicklas B\u00e4ckstr\u00f6m \u00e4r tillbaka i Tre Kronor. F\u00f6r hockeysverige.se svarar Sam Hallam om beslutet att ta ut Bryn\u00e4sstj\u00e4rnan.&hellip;\n","protected":false},"author":2,"featured_media":68189,"comment_status":"","ping_status":"","sticky":false,"template":"","format":"standard","meta":{"footnotes":""},"categories":[68],"tags":[6155,6250,34,133,134,111,110,31,33,32,30],"class_list":{"0":"post-68188","1":"post","2":"type-post","3":"status-publish","4":"format-standard","5":"has-post-thumbnail","7":"category-sport","8":"tag-euro-hockey-tour","9":"tag-karjala-tournament","10":"tag-se","11":"tag-second-news","12":"tag-shl","13":"tag-sport","14":"tag-sports","15":"tag-svenska","16":"tag-sverige","17":"tag-sweden","18":"tag-swedish"},"share_on_mastodon":{"url":"https:\/\/pubeurope.com\/@se\/115463400002859911","error":""},"_links":{"self":[{"href":"https:\/\/www.europesays.com\/se\/wp-json\/wp\/v2\/posts\/68188","targetHints":{"allow":["GET"]}}],"collection":[{"href":"https:\/\/www.europesays.com\/se\/wp-json\/wp\/v2\/posts"}],"about":[{"href":"https:\/\/www.europesays.com\/se\/wp-json\/wp\/v2\/types\/post"}],"author":[{"embeddable":true,"href":"https:\/\/www.europesays.com\/se\/wp-json\/wp\/v2\/users\/2"}],"replies":[{"embeddable":true,"href":"https:\/\/www.europesays.com\/se\/wp-json\/wp\/v2\/comments?post=68188"}],"version-history":[{"count":0,"href":"https:\/\/www.europesays.com\/se\/wp-json\/wp\/v2\/posts\/68188\/revisions"}],"wp:featuredmedia":[{"embeddable":true,"href":"https:\/\/www.europesays.com\/se\/wp-json\/wp\/v2\/media\/68189"}],"wp:attachment":[{"href":"https:\/\/www.europesays.com\/se\/wp-json\/wp\/v2\/media?parent=68188"}],"wp:term":[{"taxonomy":"category","embeddable":true,"href":"https:\/\/www.europesays.com\/se\/wp-json\/wp\/v2\/categories?post=68188"},{"taxonomy":"post_tag","embeddable":true,"href":"https:\/\/www.europesays.com\/se\/wp-json\/wp\/v2\/tags?post=68188"}],"curies":[{"name":"wp","href":"https:\/\/api.w.org\/{rel}","templated":true}]}}