{"id":68251,"date":"2025-10-30T15:10:09","date_gmt":"2025-10-30T15:10:09","guid":{"rendered":"https:\/\/www.europesays.com\/se\/68251\/"},"modified":"2025-10-30T15:10:09","modified_gmt":"2025-10-30T15:10:09","slug":"bakslaget-comebacken-drojer-hockeysverige-se","status":"publish","type":"post","link":"https:\/\/www.europesays.com\/se\/68251\/","title":{"rendered":"Bakslaget: Comebacken dr\u00f6jer &#8211; hockeysverige.se"},"content":{"rendered":"<p><strong>F\u00f6rhoppningen var att M\u00e5ns Forsfj\u00e4ll skulle vara tillbaka vid novemberuppeh\u00e5llet.<br \/>Nu st\u00e5r det klart att comebacken dr\u00f6jer l\u00e4ngre \u00e4n s\u00e5 f\u00f6r Skellefte\u00e5backen.<br \/>\u2013 Stabiliteten i axeln beh\u00f6ver bli b\u00e4ttre innan han \u00e4r redo f\u00f6r en comeback, s\u00e4ger lagl\u00e4karen Karin Granberg till <a href=\"https:\/\/www.norran.se\/sport\/ishockey\/artikel\/nya-beskedet-fran-aik-mans-forsfjalls-comeback-drojer\/lyv37q9l\" rel=\"nofollow noopener\" target=\"_blank\">Norran<\/a>.<\/strong><\/p>\n<p><img loading=\"lazy\" decoding=\"async\" width=\"1024\" height=\"658\" src=\"https:\/\/www.europesays.com\/se\/wp-content\/uploads\/2025\/10\/250220FK005-1024x658.webp.webp\" alt=\"M\u00e5ns Forsfj\u00e4ll\" class=\"wp-image-320019\"  \/>M\u00e5ns Forsfj\u00e4ll.<br \/><strong>Foto: <\/strong>Fredrik Karlsson\/Bildbyr\u00e5n<\/p>\n<p><a href=\"https:\/\/hockeysverige.se\/spelare\/mans-forsfjall\/\" rel=\"nofollow noopener\" target=\"_blank\">M\u00e5ns Forsfj\u00e4ll<\/a> har dragits med omfattande skadebekymmer de senaste s\u00e4songerna, d\u00e4r han ifjol bara kom till spel i \u00e5tta <a href=\"https:\/\/hockeysverige.se\/shl\/\" rel=\"nofollow noopener\" target=\"_blank\">SHL<\/a>-matcher p\u00e5 grund av en axelskada och den h\u00e4r s\u00e4songen inte kommit till spel alls efter att ha opererat den andra axeln.<\/p>\n<p>Tidigare har prognosen varit att <a href=\"https:\/\/hockeysverige.se\/klubb\/skelleftea-aik\/\" rel=\"nofollow noopener\" target=\"_blank\">Skellefte\u00e5 AIK<\/a>-backen skulle kunna vara tillbaka runt novemberuppeh\u00e5llet, men s\u00e5 blir inte fallet. I st\u00e4llet dr\u00f6jer comebacken ytterligare.<\/p>\n<p>\u2013 M\u00e5ns forts\u00e4tter med sin rehab och gjorde nyligen ett \u00e5terbes\u00f6k hos operat\u00f6ren. Vi har efter det \u00e4ndrat hans rehab lite, och styrt om den till andra \u00f6vningar f\u00f6r att \u00f6ka stabiliteten, s\u00e4ger lagl\u00e4karen Karin Granberg till Norran.<\/p>\n<p>Ovisst n\u00e4r han \u00e4r tillbaka<\/p>\n<p>N\u00e4r Forsfj\u00e4ll kan vara tillbaka i spel \u00e4r i nul\u00e4get ovisst.<\/p>\n<p>\u2013 Det \u00e4r sv\u00e5rt att s\u00e4ga. Men inte i n\u00e4rtid i alla fall. Stabiliteten i axeln beh\u00f6ver bli b\u00e4ttre innan han \u00e4r redo f\u00f6r en comeback, s\u00e4ger Granberg.<\/p>\n<p>Vidare ber\u00e4ttar lagl\u00e4karen att b\u00e5de <a href=\"https:\/\/hockeysverige.se\/spelare\/emil-djuse\/\" rel=\"nofollow noopener\" target=\"_blank\">Emil Djuse<\/a> och Jonathan Davidsson v\u00e4ntas vara tillbaka i spel efter landslagsuppeh\u00e5llet. L\u00e5ngtidsskadade <a href=\"https:\/\/hockeysverige.se\/spelare\/linus-soderstrom\/\" rel=\"nofollow noopener\" target=\"_blank\">Linus S\u00f6derstr\u00f6m<\/a> v\u00e4ntas alltj\u00e4mt vara tillbaka efter \u00e5rsskiftet, medan <a href=\"https:\/\/hockeysverige.se\/spelare\/gustaf-lindvall\/\" rel=\"nofollow noopener\" target=\"_blank\">Gustaf Lindvall<\/a> fortsatt \u00e4r borta p\u00e5 obest\u00e4md tid.<\/p>\n<p>M\u00e5ns Forsfj\u00e4ll har spenderat hela sin karri\u00e4r i Skellefte\u00e5 AIK och har samlat p\u00e5 sig totalt 159 matcher f\u00f6r klubben.<\/p>\n<p> Source: <a href=\"https:\/\/www.eliteprospects.com\/player\/422034\/mans-forsfjall\" target=\"_blank\" rel=\"noopener noreferrer nofollow\">M\u00e5ns Forsfj\u00e4ll<\/a> @ Elite Prospects<\/p>\n","protected":false},"excerpt":{"rendered":"F\u00f6rhoppningen var att M\u00e5ns Forsfj\u00e4ll skulle vara tillbaka vid novemberuppeh\u00e5llet.Nu st\u00e5r det klart att comebacken dr\u00f6jer l\u00e4ngre \u00e4n&hellip;\n","protected":false},"author":2,"featured_media":68252,"comment_status":"","ping_status":"","sticky":false,"template":"","format":"standard","meta":{"footnotes":""},"categories":[68],"tags":[34,133,134,111,110,31,33,32,30],"class_list":{"0":"post-68251","1":"post","2":"type-post","3":"status-publish","4":"format-standard","5":"has-post-thumbnail","7":"category-sport","8":"tag-se","9":"tag-second-news","10":"tag-shl","11":"tag-sport","12":"tag-sports","13":"tag-svenska","14":"tag-sverige","15":"tag-sweden","16":"tag-swedish"},"share_on_mastodon":{"url":"https:\/\/pubeurope.com\/@se\/115463758257428430","error":""},"_links":{"self":[{"href":"https:\/\/www.europesays.com\/se\/wp-json\/wp\/v2\/posts\/68251","targetHints":{"allow":["GET"]}}],"collection":[{"href":"https:\/\/www.europesays.com\/se\/wp-json\/wp\/v2\/posts"}],"about":[{"href":"https:\/\/www.europesays.com\/se\/wp-json\/wp\/v2\/types\/post"}],"author":[{"embeddable":true,"href":"https:\/\/www.europesays.com\/se\/wp-json\/wp\/v2\/users\/2"}],"replies":[{"embeddable":true,"href":"https:\/\/www.europesays.com\/se\/wp-json\/wp\/v2\/comments?post=68251"}],"version-history":[{"count":0,"href":"https:\/\/www.europesays.com\/se\/wp-json\/wp\/v2\/posts\/68251\/revisions"}],"wp:featuredmedia":[{"embeddable":true,"href":"https:\/\/www.europesays.com\/se\/wp-json\/wp\/v2\/media\/68252"}],"wp:attachment":[{"href":"https:\/\/www.europesays.com\/se\/wp-json\/wp\/v2\/media?parent=68251"}],"wp:term":[{"taxonomy":"category","embeddable":true,"href":"https:\/\/www.europesays.com\/se\/wp-json\/wp\/v2\/categories?post=68251"},{"taxonomy":"post_tag","embeddable":true,"href":"https:\/\/www.europesays.com\/se\/wp-json\/wp\/v2\/tags?post=68251"}],"curies":[{"name":"wp","href":"https:\/\/api.w.org\/{rel}","templated":true}]}}