{"id":68393,"date":"2025-10-30T18:32:18","date_gmt":"2025-10-30T18:32:18","guid":{"rendered":"https:\/\/www.europesays.com\/se\/68393\/"},"modified":"2025-10-30T18:32:18","modified_gmt":"2025-10-30T18:32:18","slug":"brad-marchands-fina-gest-hoppade-in-som-coach-efter-vannens-tragedi","status":"publish","type":"post","link":"https:\/\/www.europesays.com\/se\/68393\/","title":{"rendered":"Brad Marchands fina gest \u2013 hoppade in som coach efter v\u00e4nnens tragedi"},"content":{"rendered":"<p><strong>N\u00e4r hans n\u00e4ra v\u00e4n drabbades av en ofattbar tragedi ryckte <a href=\"https:\/\/hockeysverige.se\/spelare\/brad-marchand\/\" rel=\"nofollow noopener\" target=\"_blank\">Brad Marchand<\/a> ut. Veteranforwarden l\u00e4mnade tempor\u00e4rt sitt <a href=\"https:\/\/hockeysverige.se\/klubb\/florida-panthers\/\" rel=\"nofollow noopener\" target=\"_blank\">Florida Panthers<\/a> f\u00f6r att coacha ett ungdomslag hemma i Kanada n\u00e4r den ordinarie tr\u00e4narens tio\u00e5riga dotter g\u00e5tt bort.<\/strong><\/p>\n<p><img loading=\"lazy\" decoding=\"async\" width=\"1024\" height=\"658\" src=\"https:\/\/www.europesays.com\/se\/wp-content\/uploads\/2025\/10\/Marchand-Maurice-1024x658.webp.webp\" alt=\"\" class=\"wp-image-319902\"  \/>Paul Maurice gav Brad Marchand till\u00e5telse att l\u00e4mna laget tempor\u00e4rt. <strong>Foto:<\/strong> Jim Rassol-Imagn Images<\/p>\n<p>Brad Marchand \u00e4r kanske mest k\u00e4nd som \u201dR\u00e5ttan\u201d p\u00e5 isen. Men utanf\u00f6r den har han alltid haft ett stort hj\u00e4rta.<\/p>\n<p>Florida Panthers forward fick ledigt fr\u00e5n sitt jobb som NHL-spelare f\u00f6r att hoppa in som coach f\u00f6r March &amp; Mill Co. Hunters U18-lag i sin kanadensiska hemprovins Nova Scotia. Detta efter att lagets ordinarie tr\u00e4nare och Marchands n\u00e4ra v\u00e4n JP MacCallums drabbats av en enorm tragedi sedan hans tio\u00e5riga dotter, Selah, g\u00e5tt bort i cancer.<\/p>\n<p>\u2013 Den h\u00e4r gesten speglar den sanna andan i hockeygemenskapen i Nova Scotia, en som bygger p\u00e5 medk\u00e4nsla, lojalitet och samh\u00f6righet som str\u00e4cker sig l\u00e5ngt bortom isrinken, sade ligapresident Paul Graham i <a href=\"https:\/\/www.dailyfaceoff.com\/news\/florida-panthers-brad-marchand-to-fill-in-as-coach-in-nova-scotia-after-death-of-coachs-daughter-march-and-mill\" rel=\"nofollow noopener\" target=\"_blank\">ett uttalande.<\/a> <br \/>\u2013 V\u00e5ra tankar g\u00e5r till JP, hans n\u00e4ra och k\u00e4ra samt hela Hunters-organisationen.<\/p>\n<p>Brad Marchands st\u00f6d till v\u00e4nnen i tragedin<\/p>\n<p>Matchen, d\u00e4r Hunters m\u00f6tte Halifax Macs, fungerade som en insamling till st\u00f6d f\u00f6r familjen MacCallum. En av Marchands matchtr\u00f6jor lottades ut under matchen, och en l\u00e4nk f\u00f6r online-donationer har ocks\u00e5 publicerats.<\/p>\n<blockquote class=\"twitter-tweet\" data-width=\"500\" data-dnt=\"true\">\n<p lang=\"en\" dir=\"ltr\">Our 1-on-1 with Marchy, as he opens up about the heartbreaking loss felt across the hockey community, and reflects on the pride he has for his roots, his friends, and the relationships that have shaped his journey. \ud83c\udfd2\ud83c\udde8\ud83c\udde6<a href=\"https:\/\/twitter.com\/nsu18mhl?ref_src=twsrc%5Etfw\" rel=\"nofollow noopener\" target=\"_blank\">@nsu18mhl<\/a> <a href=\"https:\/\/t.co\/V4lQYLdaUT\" rel=\"nofollow\">pic.twitter.com\/V4lQYLdaUT<\/a><\/p>\n<p>\u2014 High Button Sports (@thehighbutton) <a href=\"https:\/\/twitter.com\/thehighbutton\/status\/1983646920448114769?ref_src=twsrc%5Etfw\" rel=\"nofollow noopener\" target=\"_blank\">October 29, 2025<\/a><\/p><\/blockquote>\n<p>MacCallum \u00e4r en n\u00e4ra v\u00e4n till Marchand och har arbetat med den tv\u00e5faldige Stanley Cup-m\u00e4staren under sommartr\u00e4ningen. Han har tr\u00e4nat p\u00e5 olika niv\u00e5er inom professionell hockey och var \u00e4ven assisterande tr\u00e4nare f\u00f6r Ungerns herrlandslag mellan 2009 och 2012.<\/p>\n<p>Marchand spelade senast f\u00f6r Panthers i l\u00f6rdags och noterades d\u00e5 f\u00f6r en assist. Han har gjort elva po\u00e4ng p\u00e5 tio matcher under sin f\u00f6rsta hela s\u00e4song med klubben. Den 37-\u00e5rige forwarden vann sin andra Stanley Cup-titel i juni efter att ha anslutit till Panthers vid trade deadline. Under sommaren skrev han p\u00e5 en sex\u00e5rsf\u00f6rl\u00e4ngning med klubben.<\/p>\n<p><script async src=\"https:\/\/platform.twitter.com\/widgets.js\" charset=\"utf-8\"><\/script><\/p>\n","protected":false},"excerpt":{"rendered":"N\u00e4r hans n\u00e4ra v\u00e4n drabbades av en ofattbar tragedi ryckte Brad Marchand ut. Veteranforwarden l\u00e4mnade tempor\u00e4rt sitt Florida&hellip;\n","protected":false},"author":2,"featured_media":68394,"comment_status":"","ping_status":"","sticky":false,"template":"","format":"standard","meta":{"footnotes":""},"categories":[5],"tags":[22,23,26,27,17,21,24,25,28,29,15,247,16,18,34,133,31,33,32,30,19,20],"class_list":{"0":"post-68393","1":"post","2":"type-post","3":"status-publish","4":"format-standard","5":"has-post-thumbnail","7":"category-rubriker","8":"tag-breaking-news","9":"tag-breakingnews","10":"tag-featured-news","11":"tag-featurednews","12":"tag-headlines","13":"tag-huvudnyheter","14":"tag-latest-news","15":"tag-latestnews","16":"tag-main-news","17":"tag-mainnews","18":"tag-news","19":"tag-nhl","20":"tag-nyheter","21":"tag-rubriker","22":"tag-se","23":"tag-second-news","24":"tag-svenska","25":"tag-sverige","26":"tag-sweden","27":"tag-swedish","28":"tag-top-stories","29":"tag-topstories"},"share_on_mastodon":{"url":"https:\/\/pubeurope.com\/@se\/115464552147107351","error":""},"_links":{"self":[{"href":"https:\/\/www.europesays.com\/se\/wp-json\/wp\/v2\/posts\/68393","targetHints":{"allow":["GET"]}}],"collection":[{"href":"https:\/\/www.europesays.com\/se\/wp-json\/wp\/v2\/posts"}],"about":[{"href":"https:\/\/www.europesays.com\/se\/wp-json\/wp\/v2\/types\/post"}],"author":[{"embeddable":true,"href":"https:\/\/www.europesays.com\/se\/wp-json\/wp\/v2\/users\/2"}],"replies":[{"embeddable":true,"href":"https:\/\/www.europesays.com\/se\/wp-json\/wp\/v2\/comments?post=68393"}],"version-history":[{"count":0,"href":"https:\/\/www.europesays.com\/se\/wp-json\/wp\/v2\/posts\/68393\/revisions"}],"wp:featuredmedia":[{"embeddable":true,"href":"https:\/\/www.europesays.com\/se\/wp-json\/wp\/v2\/media\/68394"}],"wp:attachment":[{"href":"https:\/\/www.europesays.com\/se\/wp-json\/wp\/v2\/media?parent=68393"}],"wp:term":[{"taxonomy":"category","embeddable":true,"href":"https:\/\/www.europesays.com\/se\/wp-json\/wp\/v2\/categories?post=68393"},{"taxonomy":"post_tag","embeddable":true,"href":"https:\/\/www.europesays.com\/se\/wp-json\/wp\/v2\/tags?post=68393"}],"curies":[{"name":"wp","href":"https:\/\/api.w.org\/{rel}","templated":true}]}}