{"id":68416,"date":"2025-10-30T19:19:07","date_gmt":"2025-10-30T19:19:07","guid":{"rendered":"https:\/\/www.europesays.com\/se\/68416\/"},"modified":"2025-10-30T19:19:07","modified_gmt":"2025-10-30T19:19:07","slug":"uppsala-kommun-nekar-david-rosander-personlig-assistans","status":"publish","type":"post","link":"https:\/\/www.europesays.com\/se\/68416\/","title":{"rendered":"Uppsala kommun nekar David Rosander personlig assistans"},"content":{"rendered":"<p>Publicerad 30 okt 2025 kl 18.11Uppdaterad kl 19.06<\/p>\n<p>Kommunen hj\u00e4lper David Rosander om han vill ta en \u00f6l p\u00e5 n\u00e5gon av Uppsalas nationer.<\/p>\n<p>Men i skolan \u00e4r det tv\u00e4rnej.<\/p>\n<p>Nu k\u00e4mpar \u00f6ver 2\u00a0000 personer f\u00f6r att David \u2013 som har sv\u00e5rt att g\u00e5, tala och r\u00f6ra sig \u2013 ska f\u00e5 hj\u00e4lp \u00e4ven d\u00e4r.<\/p>\n<p><a href=\"https:\/\/6rybs.app.link\/TZfZmkcqo1\" rel=\"nofollow noopener\" target=\"_blank\">Expressens nyhetsapp ger dig alla nyheter \u2013 ladda ned den h\u00e4r<\/a>\u00a0<\/p>\n<p>Nyheter, reportage och analyser i Sverige och i \u00f6vriga v\u00e4rlden.<img   alt=\"\"\/><\/p>\n<p>David Rosander, 23, studerar p\u00e5 Uppsala universitet. Men kommunen vill inte ge honom personlig assistans.<\/p>\n<p>Foto: Privat<\/p>\n<p>\u00d6ppna bild i helsk\u00e4rm<img loading=\"lazy\"   alt=\"\"\/><\/p>\n<p>F\u00f6r Davids f\u00f6r\u00e4ldrar har de senaste \u00e5ren varit tuffa.<\/p>\n<p>Foto: Privat<\/p>\n<p>\u00d6ppna bild i helsk\u00e4rm<\/p>\n<p>David Rosander har precis klarat sin f\u00f6rsta tenta i Freds- och konfliktkunskap p\u00e5 <a href=\"https:\/\/www.expressen.se\/tagg\/location\/uppsala\/\" class=\"\" rel=\"nofollow noopener\" target=\"_blank\">Uppsala<\/a> universitet. Men fr\u00e5gan \u00e4r hur l\u00e4nge han kan forts\u00e4tta studera, utan st\u00f6d.<\/p>\n<p>David f\u00f6rs\u00f6kte ta sitt liv som tretton\u00e5ring. Hans pappa r\u00e4ddade honom, men syrebristen gav best\u00e5ende skador. Han har sv\u00e5rt att g\u00e5, tala och se \u2013 men intellektet \u00e4r intakt.<\/p>\n<p>Fram till i somras hade han ett personligt utformat st\u00f6d, men i augusti kom beskedet att kommunen drar in st\u00f6det. Kammarr\u00e4tten har dock slagit fast att David omfattas av LSS och d\u00e4rmed kan f\u00e5 personlig assistans.\u00a0<\/p>\n<p>En massiv namninsamling har \u00e4ven dragits i g\u00e5ng av studenterna f\u00f6r att s\u00e4tta press p\u00e5 Uppsala kommun att ge David det st\u00f6d han beh\u00f6ver.<\/p>\n<p>Artikeln i korthet<\/p>\n<p> David Rosander har sv\u00e5rt att g\u00e5, tala och r\u00f6ra sig efter att f\u00f6rs\u00f6kt ta sitt liv som ton\u00e5ring.\u00a0<\/p>\n<p> Kommunen ger bara ledsagning f\u00f6r fritid, inte i skolan.<\/p>\n<p> Familjen har tvingats g\u00e5 ner i arbetstid f\u00f6r att st\u00f6tta David hemma och i skolan st\u00f6ttas han av andra studenter, men det \u00e4r ingen h\u00e5llbar l\u00f6sning.<\/p>\n<p>\u00a0 \u00d6ver 2 400 personer har skrivit p\u00e5 en namninsamling f\u00f6r att han ska f\u00e5 st\u00f6d \u00e4ven i skolan.<\/p>\n<p>Visa mer\u201dOm du kan f\u00f6ra skeden till munnen&#8230;\u201d<\/p>\n<p>Lagen om st\u00f6d och service, LSS, \u00e4r t\u00e4nkt att garantera ett sj\u00e4lvst\u00e4ndigt liv. Men r\u00e4ttspraxis har gjort gr\u00e4nserna smalare, menar Davids mamma Anna.<\/p>\n<p>\u2013 Kan du f\u00f6ra skeden till munnen sj\u00e4lv, d\u00e5 anses du inte ha ett grundl\u00e4ggande behov av hj\u00e4lp med m\u00e5ltider, s\u00e4ger Anna.<\/p>\n<p>David har f\u00e5tt beviljat ledsagning \u2013 men bara f\u00f6r fritidsaktiviteter, 35 timmar per m\u00e5nad. Det r\u00e4cker ungef\u00e4r till tre gympass i veckan.<\/p>\n<p>\u2013 All annan tid ska han vara fast hemma. Och det r\u00e4cker enligt kommunen f\u00f6r att \u201dbryta social isolering\u201d, s\u00e4ger pappa P\u00e4r.<\/p>\n<p>Frivillig hj\u00e4lp<\/p>\n<p>Just nu \u00e4r det Davids kurskamrater som hj\u00e4lper honom innan och efter f\u00f6rel\u00e4sningarna. Familjen s\u00e4ger att det funkar bra, men \u00e5terkommer till att det bygger p\u00e5 frivillighet.\u00a0<\/p>\n<p>Och det m\u00e4rks. F\u00f6rra terminen var det n\u00e4mligen ingen som st\u00e4llde upp.<\/p>\n<p>\u2013 De har st\u00e4llt upp mer \u00e4n de beh\u00f6ver. Men det \u00e4r inte en l\u00f6sning, s\u00e4ger mamma Anna.<\/p>\n<p>Os\u00e4kerheten kring st\u00f6det har blivit en del av familjens vardag. Ans\u00f6kningar, \u00f6verklaganden och v\u00e4ntetider.<\/p>\n<p>\u2013 Det bryter ner en, s\u00e4ger Anna.\u00a0<\/p>\n<p><img loading=\"lazy\"   alt=\"\"\/><\/p>\n<p>Davids f\u00f6r\u00e4ldrar P\u00e4r och Anna Rosander.<\/p>\n<p>Foto: Privat<\/p>\n<p>\u00d6ppna bild i helsk\u00e4rm<\/p>\n<p>Hon och maken P\u00e4r har under flera \u00e5r tvingats g\u00e5 ner i arbetstid f\u00f6r att t\u00e4cka upp och hj\u00e4lpa David hemmavid.<\/p>\n<p>\u2013 Jag har beh\u00f6vt g\u00e5 ned p\u00e5 halvtid. V\u00e5ra arbetsgivare har varit otroligt f\u00f6rst\u00e5ende, men det finns en gr\u00e4ns. B\u00e5de f\u00f6r orken och f\u00f6r ekonomin, s\u00e4ger P\u00e4r.<\/p>\n<p>Annons<\/p>\n<p>Anna nickar.<\/p>\n<p>\u2013 Vi har f\u00f6rlorat inkomst i flera \u00e5r.<\/p>\n<p><strong>Hur k\u00e4nns det att h\u00f6ra dina f\u00f6r\u00e4ldrar ber\u00e4tta hur de k\u00e4nner?<\/strong><\/p>\n<p>\u2013 Jag tycker att det \u00e4r jobbigt. Men jag \u00e4r glad att de k\u00e4mpar, s\u00e4ger David.<\/p>\n<p>Anna ser p\u00e5 David.<\/p>\n<p>\u2013 Och du f\u00e5r b\u00e4ra v\u00e5r frustration. Det \u00e4r inte r\u00e4ttvist.<\/p>\n<p>F\u00f6r Anna har uppgivenheten f\u00f6rvandlats till ilska.<\/p>\n<p>\u2013 Jag \u00e4r s\u00e5 fylld av hat och f\u00f6rakt mot kommunen. Det \u00e4r det som driver mig. Jag har mejlat alla riksdagsledam\u00f6ter i ren frustration.<\/p>\n<p>Samtidigt v\u00e4xer st\u00f6det. Namninsamlingen f\u00f6r David \u00e4r uppe i dryga 2 400 underskrifter.<\/p>\n<p>\u2013 Jag \u00e4r v\u00e4ldigt tacksam och v\u00e4ldigt glad \u00f6ver att folk l\u00e4gger ner tid och energi p\u00e5 det. Det g\u00f6r mig glad, s\u00e4ger David.<\/p>\n<p><img loading=\"lazy\"   alt=\"\"\/><\/p>\n<p>Namninsamlingen startades av Davids faddrar p\u00e5 programmet. I skrivande stund \u00e4r den uppe i 2 343 underskrifter.<\/p>\n<p>Foto: Privat<\/p>\n<p>\u00d6ppna bild i helsk\u00e4rm<img loading=\"lazy\"   alt=\"\"\/><\/p>\n<p>David sj\u00e4lv uppskattar kursarnas initiativ med namninsamlingen. \u201dJag \u00e4r v\u00e4ldigt tacksam\u201d, s\u00e4ger han.<\/p>\n<p>Foto: Privat<\/p>\n<p>\u00d6ppna bild i helsk\u00e4rm<\/p>\n<p>Han \u00e4r samtidigt som m\u00e5nga andra studenter. David skriver p\u00e5 en uppsats om krig i Kongo, och ser fram emot n\u00e4sta \u201donsdags\u00f6l\u201d med programf\u00f6reningen, som sker p\u00e5 n\u00e5gon av Uppsalas nationer. D\u00e5 kan n\u00e4mligen ledsagare f\u00f6lja med, eftersom det \u00e4r en fritidsaktivitet.<\/p>\n<p>Parallellt med det vardagliga p\u00e5g\u00e5r kampen om r\u00e4tten till ett v\u00e4rdigt liv utanf\u00f6r hemmet.<\/p>\n<p>\u2013 Jag kommer aldrig acceptera att du bara ska sitta hemma, s\u00e4ger Anna.<\/p>\n","protected":false},"excerpt":{"rendered":"Publicerad 30 okt 2025 kl 18.11Uppdaterad kl 19.06 Kommunen hj\u00e4lper David Rosander om han vill ta en \u00f6l&hellip;\n","protected":false},"author":2,"featured_media":68417,"comment_status":"","ping_status":"","sticky":false,"template":"","format":"standard","meta":{"footnotes":""},"categories":[12],"tags":[22,23,26,27,17,21,24,25,958,28,29,15,16,18,34,154,31,33,32,30,19,20],"class_list":{"0":"post-68416","1":"post","2":"type-post","3":"status-publish","4":"format-standard","5":"has-post-thumbnail","7":"category-sverige","8":"tag-breaking-news","9":"tag-breakingnews","10":"tag-featured-news","11":"tag-featurednews","12":"tag-headlines","13":"tag-huvudnyheter","14":"tag-latest-news","15":"tag-latestnews","16":"tag-location-uppsala","17":"tag-main-news","18":"tag-mainnews","19":"tag-news","20":"tag-nyheter","21":"tag-rubriker","22":"tag-se","23":"tag-sections-sverige","24":"tag-svenska","25":"tag-sverige","26":"tag-sweden","27":"tag-swedish","28":"tag-top-stories","29":"tag-topstories"},"share_on_mastodon":{"url":"https:\/\/pubeurope.com\/@se\/115464737044825464","error":""},"_links":{"self":[{"href":"https:\/\/www.europesays.com\/se\/wp-json\/wp\/v2\/posts\/68416","targetHints":{"allow":["GET"]}}],"collection":[{"href":"https:\/\/www.europesays.com\/se\/wp-json\/wp\/v2\/posts"}],"about":[{"href":"https:\/\/www.europesays.com\/se\/wp-json\/wp\/v2\/types\/post"}],"author":[{"embeddable":true,"href":"https:\/\/www.europesays.com\/se\/wp-json\/wp\/v2\/users\/2"}],"replies":[{"embeddable":true,"href":"https:\/\/www.europesays.com\/se\/wp-json\/wp\/v2\/comments?post=68416"}],"version-history":[{"count":0,"href":"https:\/\/www.europesays.com\/se\/wp-json\/wp\/v2\/posts\/68416\/revisions"}],"wp:featuredmedia":[{"embeddable":true,"href":"https:\/\/www.europesays.com\/se\/wp-json\/wp\/v2\/media\/68417"}],"wp:attachment":[{"href":"https:\/\/www.europesays.com\/se\/wp-json\/wp\/v2\/media?parent=68416"}],"wp:term":[{"taxonomy":"category","embeddable":true,"href":"https:\/\/www.europesays.com\/se\/wp-json\/wp\/v2\/categories?post=68416"},{"taxonomy":"post_tag","embeddable":true,"href":"https:\/\/www.europesays.com\/se\/wp-json\/wp\/v2\/tags?post=68416"}],"curies":[{"name":"wp","href":"https:\/\/api.w.org\/{rel}","templated":true}]}}