{"id":68483,"date":"2025-10-30T20:58:08","date_gmt":"2025-10-30T20:58:08","guid":{"rendered":"https:\/\/www.europesays.com\/se\/68483\/"},"modified":"2025-10-30T20:58:08","modified_gmt":"2025-10-30T20:58:08","slug":"krislaget-tystade-hovet-korde-over-djurgarden","status":"publish","type":"post","link":"https:\/\/www.europesays.com\/se\/68483\/","title":{"rendered":"Krislaget tystade Hovet \u2013 k\u00f6rde \u00f6ver Djurg\u00e5rden"},"content":{"rendered":"<p>Djurg\u00e5rdspubliken fick se sitt lag \u00e5ka p\u00e5 storstryk hemma p\u00e5 Hovet. Krisande HV71 g\u00e4stade Stockholm och k\u00f6rde \u00f6ver hemmalaget med hela 6\u20131.<\/p>\n<p>J\u00f6nk\u00f6pingslaget fick h\u00e5l p\u00e5 hemmam\u00e5lvakten Hugo H\u00e4velid efter tio minuters spel och sl\u00e4ppte aldrig in Djurg\u00e5rden i matchen igen. <\/p>\n<p>\u2013 Vi har en upp\u00e5tg\u00e5ende kurva i spelet. Jag tycker vi tar kliv, s\u00e4ger tr\u00e4naren Anton Blomqvist enligt Sportbladet.<\/p>\n<p>Resultatet g\u00f6r att HV71 l\u00e4mnar jumboplatsen. <\/p>\n<p>Omni \u00e4r politiskt obundna och oberoende. Vi str\u00e4var efter att ge fler perspektiv p\u00e5 nyheterna. Har du fr\u00e5gor eller synpunkter kring v\u00e5r rapportering? <a href=\"https:\/\/omni.se\/krislaget-tystade-hovet-korde-over-djurgarden\/a\/mailto:redaktion@omni.se\" class=\"ArticleActions_contactLink__W2F1M\" rel=\"nofollow noopener\" target=\"_blank\">Kontakta redaktionen<\/a><\/p>\n","protected":false},"excerpt":{"rendered":"Djurg\u00e5rdspubliken fick se sitt lag \u00e5ka p\u00e5 storstryk hemma p\u00e5 Hovet. Krisande HV71 g\u00e4stade Stockholm och k\u00f6rde \u00f6ver&hellip;\n","protected":false},"author":2,"featured_media":68484,"comment_status":"","ping_status":"","sticky":false,"template":"","format":"standard","meta":{"footnotes":""},"categories":[68],"tags":[4504,3314,3638,1472,34,111,110,31,33,32,30],"class_list":{"0":"post-68483","1":"post","2":"type-post","3":"status-publish","4":"format-standard","5":"has-post-thumbnail","7":"category-sport","8":"tag-anton-blomqvist","9":"tag-djurgardens-if-ishockey","10":"tag-hv71","11":"tag-ishockey","12":"tag-se","13":"tag-sport","14":"tag-sports","15":"tag-svenska","16":"tag-sverige","17":"tag-sweden","18":"tag-swedish"},"share_on_mastodon":{"url":"https:\/\/pubeurope.com\/@se\/115465126046434434","error":""},"_links":{"self":[{"href":"https:\/\/www.europesays.com\/se\/wp-json\/wp\/v2\/posts\/68483","targetHints":{"allow":["GET"]}}],"collection":[{"href":"https:\/\/www.europesays.com\/se\/wp-json\/wp\/v2\/posts"}],"about":[{"href":"https:\/\/www.europesays.com\/se\/wp-json\/wp\/v2\/types\/post"}],"author":[{"embeddable":true,"href":"https:\/\/www.europesays.com\/se\/wp-json\/wp\/v2\/users\/2"}],"replies":[{"embeddable":true,"href":"https:\/\/www.europesays.com\/se\/wp-json\/wp\/v2\/comments?post=68483"}],"version-history":[{"count":0,"href":"https:\/\/www.europesays.com\/se\/wp-json\/wp\/v2\/posts\/68483\/revisions"}],"wp:featuredmedia":[{"embeddable":true,"href":"https:\/\/www.europesays.com\/se\/wp-json\/wp\/v2\/media\/68484"}],"wp:attachment":[{"href":"https:\/\/www.europesays.com\/se\/wp-json\/wp\/v2\/media?parent=68483"}],"wp:term":[{"taxonomy":"category","embeddable":true,"href":"https:\/\/www.europesays.com\/se\/wp-json\/wp\/v2\/categories?post=68483"},{"taxonomy":"post_tag","embeddable":true,"href":"https:\/\/www.europesays.com\/se\/wp-json\/wp\/v2\/tags?post=68483"}],"curies":[{"name":"wp","href":"https:\/\/api.w.org\/{rel}","templated":true}]}}