{"id":68681,"date":"2025-10-31T06:50:27","date_gmt":"2025-10-31T06:50:27","guid":{"rendered":"https:\/\/www.europesays.com\/se\/68681\/"},"modified":"2025-10-31T06:50:27","modified_gmt":"2025-10-31T06:50:27","slug":"vatska-uthalld-i-norrkoping-tva-personer-till-sjukhus","status":"publish","type":"post","link":"https:\/\/www.europesays.com\/se\/68681\/","title":{"rendered":"V\u00e4tska uth\u00e4lld i Norrk\u00f6ping \u2013 tv\u00e5 personer till sjukhus"},"content":{"rendered":"<p>En man och en kvinna har f\u00f6rts till sjukhus efter att n\u00e5gon typ av v\u00e4tska h\u00e4llts ut i ett trapphus i Norrk\u00f6ping. Det \u00e4r i nul\u00e4get oklart vilken typ av v\u00e4tska.<\/p>\n<p>\u2013 De ska vara okej, s\u00e4ger polisens ledningsbef\u00e4l Daniel Reiborn till TT.<\/p>\n<p>H\u00e4ndelsen utreds som f\u00f6rs\u00f6k till mordbrand men det finns ingen frihetsber\u00f6vad. Polisen och r\u00e4ddningstj\u00e4nsten arbetade i huset till klockan 03.30 d\u00e5 avsp\u00e4rrningarna h\u00e4vdes.<\/p>\n<p>Omni \u00e4r politiskt obundna och oberoende. Vi str\u00e4var efter att ge fler perspektiv p\u00e5 nyheterna. Har du fr\u00e5gor eller synpunkter kring v\u00e5r rapportering? <a href=\"https:\/\/omni.se\/vatska-uthalld-i-norrkoping-tva-till-sjukhus\/a\/mailto:redaktion@omni.se\" class=\"ArticleActions_contactLink__W2F1M\" rel=\"nofollow noopener\" target=\"_blank\">Kontakta redaktionen<\/a><\/p>\n","protected":false},"excerpt":{"rendered":"En man och en kvinna har f\u00f6rts till sjukhus efter att n\u00e5gon typ av v\u00e4tska h\u00e4llts ut i&hellip;\n","protected":false},"author":2,"featured_media":68682,"comment_status":"","ping_status":"","sticky":false,"template":"","format":"standard","meta":{"footnotes":""},"categories":[14],"tags":[22,23,26,27,17,21,24,25,28,29,15,2282,16,3659,18,34,31,33,32,30,19,20,51,52,53,54],"class_list":{"0":"post-68681","1":"post","2":"type-post","3":"status-publish","4":"format-standard","5":"has-post-thumbnail","7":"category-varlden","8":"tag-breaking-news","9":"tag-breakingnews","10":"tag-featured-news","11":"tag-featurednews","12":"tag-headlines","13":"tag-huvudnyheter","14":"tag-latest-news","15":"tag-latestnews","16":"tag-main-news","17":"tag-mainnews","18":"tag-news","19":"tag-norrkoping","20":"tag-nyheter","21":"tag-ostergotlands-lan","22":"tag-rubriker","23":"tag-se","24":"tag-svenska","25":"tag-sverige","26":"tag-sweden","27":"tag-swedish","28":"tag-top-stories","29":"tag-topstories","30":"tag-varlden","31":"tag-world","32":"tag-world-news","33":"tag-worldnews"},"share_on_mastodon":{"url":"https:\/\/pubeurope.com\/@se\/115467453887710147","error":""},"_links":{"self":[{"href":"https:\/\/www.europesays.com\/se\/wp-json\/wp\/v2\/posts\/68681","targetHints":{"allow":["GET"]}}],"collection":[{"href":"https:\/\/www.europesays.com\/se\/wp-json\/wp\/v2\/posts"}],"about":[{"href":"https:\/\/www.europesays.com\/se\/wp-json\/wp\/v2\/types\/post"}],"author":[{"embeddable":true,"href":"https:\/\/www.europesays.com\/se\/wp-json\/wp\/v2\/users\/2"}],"replies":[{"embeddable":true,"href":"https:\/\/www.europesays.com\/se\/wp-json\/wp\/v2\/comments?post=68681"}],"version-history":[{"count":0,"href":"https:\/\/www.europesays.com\/se\/wp-json\/wp\/v2\/posts\/68681\/revisions"}],"wp:featuredmedia":[{"embeddable":true,"href":"https:\/\/www.europesays.com\/se\/wp-json\/wp\/v2\/media\/68682"}],"wp:attachment":[{"href":"https:\/\/www.europesays.com\/se\/wp-json\/wp\/v2\/media?parent=68681"}],"wp:term":[{"taxonomy":"category","embeddable":true,"href":"https:\/\/www.europesays.com\/se\/wp-json\/wp\/v2\/categories?post=68681"},{"taxonomy":"post_tag","embeddable":true,"href":"https:\/\/www.europesays.com\/se\/wp-json\/wp\/v2\/tags?post=68681"}],"curies":[{"name":"wp","href":"https:\/\/api.w.org\/{rel}","templated":true}]}}