{"id":68723,"date":"2025-10-31T08:12:18","date_gmt":"2025-10-31T08:12:18","guid":{"rendered":"https:\/\/www.europesays.com\/se\/68723\/"},"modified":"2025-10-31T08:12:18","modified_gmt":"2025-10-31T08:12:18","slug":"martin-necas-skriver-jattekontrakt-med-colorado-nhl","status":"publish","type":"post","link":"https:\/\/www.europesays.com\/se\/68723\/","title":{"rendered":"Martin Necas skriver j\u00e4ttekontrakt med Colorado | NHL"},"content":{"rendered":"<p>Publicerad 30 okt 2025 kl 19.27Uppdaterad 31 okt kl 08.11<\/p>\n<p>Martin Necas stannar i Colorado Avalanche.\u00a0<\/p>\n<p>Tjecken har skrivit p\u00e5 ett \u00e5tta\u00e5rigt monsterkontrakt.\u00a0<\/p>\n<p>Totalt f\u00e5r han drygt 860 miljoner kronor.\u00a0<\/p>\n<p><img   alt=\"\"\/> <\/p>\n<p>Foto: TYLER TATE \/ AP TT NYHETSBYR\u00c5N<\/p>\n<p>\u00d6ppna bild i helsk\u00e4rm<\/p>\n<p>Martin Necas har varit framg\u00e5ngsrik i <a href=\"https:\/\/www.expressen.se\/tagg\/organization\/colorado-avalanche\/\" class=\"\" rel=\"nofollow noopener\" target=\"_blank\">Colorado Avalanches<\/a> f\u00f6rstakedja tillsammans med Nathan MacKinnon och Artturi Lehkonen.\u00a0<\/p>\n<p>P\u00e5 de elva f\u00f6rsta matcherna har 26-\u00e5ringen svarat f\u00f6r 13 po\u00e4ng.\u00a0<\/p>\n<p>Nu st\u00e5r det ocks\u00e5 klart att tjecken stannar i klubben. Han har skrivit p\u00e5 ett kontrakt som str\u00e4cker sig \u00f6ver \u00e5tta och som \u00e4r v\u00e4rt totalt drygt 860 miljoner kronor, enligt NHL-insidern Frank Seravalli.<\/p>\n<p>Kom i bytesaff\u00e4r\u00a0<\/p>\n<p>Necas kom till klubben i fjol fr\u00e5n Carolina Hurricanes, d\u00e4r han spelat under \u00e5tta s\u00e4songer, n\u00e4r han byttes mot finl\u00e4ndaren Mikko Rantanen, som senare flyttade vidare till Dallas Stars.\u00a0<\/p>\n<p>Under 79 matcher i Carolina och Colorado i fjol gjorde 26-\u00e5ringen sin po\u00e4ngb\u00e4sta s\u00e4song i karri\u00e4ren n\u00e4r han svarade f\u00f6r 83 pinnar.\u00a0<\/p>\n<p>I Colorado \u00e4r han lagkamrat med svenske stj\u00e4rnan Gabriel Landeskog. \u00a0<\/p>\n","protected":false},"excerpt":{"rendered":"Publicerad 30 okt 2025 kl 19.27Uppdaterad 31 okt kl 08.11 Martin Necas stannar i Colorado Avalanche.\u00a0 Tjecken har&hellip;\n","protected":false},"author":2,"featured_media":68724,"comment_status":"","ping_status":"","sticky":false,"template":"","format":"standard","meta":{"footnotes":""},"categories":[68],"tags":[1469,34,255,256,111,110,31,33,32,30],"class_list":{"0":"post-68723","1":"post","2":"type-post","3":"status-publish","4":"format-standard","5":"has-post-thumbnail","7":"category-sport","8":"tag-organization-colorado-avalanche","9":"tag-se","10":"tag-sections-ishockey","11":"tag-sections-nhl","12":"tag-sport","13":"tag-sports","14":"tag-svenska","15":"tag-sverige","16":"tag-sweden","17":"tag-swedish"},"share_on_mastodon":{"url":"https:\/\/pubeurope.com\/@se\/115467776356271753","error":""},"_links":{"self":[{"href":"https:\/\/www.europesays.com\/se\/wp-json\/wp\/v2\/posts\/68723","targetHints":{"allow":["GET"]}}],"collection":[{"href":"https:\/\/www.europesays.com\/se\/wp-json\/wp\/v2\/posts"}],"about":[{"href":"https:\/\/www.europesays.com\/se\/wp-json\/wp\/v2\/types\/post"}],"author":[{"embeddable":true,"href":"https:\/\/www.europesays.com\/se\/wp-json\/wp\/v2\/users\/2"}],"replies":[{"embeddable":true,"href":"https:\/\/www.europesays.com\/se\/wp-json\/wp\/v2\/comments?post=68723"}],"version-history":[{"count":0,"href":"https:\/\/www.europesays.com\/se\/wp-json\/wp\/v2\/posts\/68723\/revisions"}],"wp:featuredmedia":[{"embeddable":true,"href":"https:\/\/www.europesays.com\/se\/wp-json\/wp\/v2\/media\/68724"}],"wp:attachment":[{"href":"https:\/\/www.europesays.com\/se\/wp-json\/wp\/v2\/media?parent=68723"}],"wp:term":[{"taxonomy":"category","embeddable":true,"href":"https:\/\/www.europesays.com\/se\/wp-json\/wp\/v2\/categories?post=68723"},{"taxonomy":"post_tag","embeddable":true,"href":"https:\/\/www.europesays.com\/se\/wp-json\/wp\/v2\/tags?post=68723"}],"curies":[{"name":"wp","href":"https:\/\/api.w.org\/{rel}","templated":true}]}}