{"id":68725,"date":"2025-10-31T08:15:17","date_gmt":"2025-10-31T08:15:17","guid":{"rendered":"https:\/\/www.europesays.com\/se\/68725\/"},"modified":"2025-10-31T08:15:17","modified_gmt":"2025-10-31T08:15:17","slug":"apples-resultat-battre-an-vantat","status":"publish","type":"post","link":"https:\/\/www.europesays.com\/se\/68725\/","title":{"rendered":"Apples resultat b\u00e4ttre \u00e4n v\u00e4ntat"},"content":{"rendered":"<p>&#13;<br \/>\n                        Oms\u00e4ttningen steg 7,9 procent till 102,47 miljarder dollar (94,93). Utfallet kan j\u00e4mf\u00f6ras med Factsets analytikerkonsensus som l\u00e5g p\u00e5 102,23.<\/p>\n<p>Iphone-f\u00f6rs\u00e4ljningen var h\u00f6gre med 6 procent till drygt 49 miljarder dollar, medan Ipad-f\u00f6rs\u00e4ljningen f\u00f6rblev of\u00f6r\u00e4ndrad p\u00e5 6,95 miljarder dollar. <\/p>\n<p>Segmentet Services, som hyser bland annat iCloud, Apple Music och de avgifter som genereras genom App Store, \u00f6kade sina int\u00e4kter med 15 procent till 25 miljarder dollar.<\/p>\n<p>Resultat per aktie uppgick till 1,85 dollar (0,97), v\u00e4ntat var 1,78.<\/p>\n<p>Vd Tim Cook sade i en intervju med CNBC att f\u00f6rs\u00e4ljningen under innevarande kvartal v\u00e4ntas \u00f6ka med minst 10 procent.<\/p>\n<p>&#8221;Vi f\u00f6rv\u00e4ntar oss att f\u00f6retagets totala int\u00e4kter kommer att \u00f6ka med 10 till 12 procent j\u00e4mf\u00f6rt med f\u00f6reg\u00e5ende \u00e5r, vi f\u00f6rv\u00e4ntar oss att Iphone-int\u00e4kterna kommer att \u00f6ka med tv\u00e5siffriga tal j\u00e4mf\u00f6rt med f\u00f6reg\u00e5ende \u00e5r, och vi f\u00f6rv\u00e4ntar oss att det skulle g\u00f6ra decemberkvartalet till det b\u00e4sta n\u00e5gonsin i f\u00f6retagets historia&#8221;, sade Cook.<\/p>\n<p>Cooks uttalande indikerar att bolaget v\u00e4ntas \u00f6vertr\u00e4ffa analytikernas f\u00f6rv\u00e4ntningar. Vid en tillv\u00e4xttakt i mitten av prognosen landar f\u00f6rs\u00e4ljningen p\u00e5 137,97 miljarder dollar, att j\u00e4mf\u00f6ra med v\u00e4ntade 132,31. <\/p>\n<p>Cook sade att Apple var s\u00e4ker p\u00e5 sin prognos p\u00e5 grund av det starka mottagandet f\u00f6r f\u00f6retagets nya Iphone 17-modeller, som sl\u00e4pptes i september, vilket han sade hade &#8221;slagit i taket&#8221;.<\/p>\n<p>Aktien steg 2,3 procent i efterhandeln.<\/p>\n<tr>\n<td>Apple, BUSD<\/td>\n<td>Q4-2024\/2025<\/td>\n<td>Konsensus<\/td>\n<td>F\u00f6r\u00e4ndring mot konsensus<\/td>\n<td>Q4-2023\/2024<\/td>\n<td>F\u00f6r\u00e4ndring<\/td>\n<\/tr>\n<tr>\n<td>Nettooms\u00e4ttning<\/td>\n<td>102,47<\/td>\n<td>102,23<\/td>\n<td>0,2%<\/td>\n<td>94,93<\/td>\n<td>7,9%<\/td>\n<\/tr>\n<tr>\n<td>Resultat per aktie, USD<\/td>\n<td>1,85<\/td>\n<td>1,78<\/td>\n<td>3,9%<\/td>\n<td>0,97<\/td>\n<td>90,7%<\/td>\n<\/tr>\n<p>Konsensusdata fr\u00e5n Factset&#13;<\/p>\n","protected":false},"excerpt":{"rendered":"&#13; Oms\u00e4ttningen steg 7,9 procent till 102,47 miljarder dollar (94,93). Utfallet kan j\u00e4mf\u00f6ras med Factsets analytikerkonsensus som l\u00e5g&hellip;\n","protected":false},"author":2,"featured_media":68726,"comment_status":"","ping_status":"","sticky":false,"template":"","format":"standard","meta":{"footnotes":""},"categories":[65],"tags":[72,70,71,454,453,451,452,34,31,33,32,30,455],"class_list":{"0":"post-68725","1":"post","2":"type-post","3":"status-publish","4":"format-standard","5":"has-post-thumbnail","7":"category-ekonomi","8":"tag-business","9":"tag-economy","10":"tag-ekonomi","11":"tag-ekonomisk-analys","12":"tag-finans","13":"tag-finansiella-nyheter","14":"tag-investera","15":"tag-se","16":"tag-svenska","17":"tag-sverige","18":"tag-sweden","19":"tag-swedish","20":"tag-trading"},"share_on_mastodon":{"url":"https:\/\/pubeurope.com\/@se\/115467788070913800","error":""},"_links":{"self":[{"href":"https:\/\/www.europesays.com\/se\/wp-json\/wp\/v2\/posts\/68725","targetHints":{"allow":["GET"]}}],"collection":[{"href":"https:\/\/www.europesays.com\/se\/wp-json\/wp\/v2\/posts"}],"about":[{"href":"https:\/\/www.europesays.com\/se\/wp-json\/wp\/v2\/types\/post"}],"author":[{"embeddable":true,"href":"https:\/\/www.europesays.com\/se\/wp-json\/wp\/v2\/users\/2"}],"replies":[{"embeddable":true,"href":"https:\/\/www.europesays.com\/se\/wp-json\/wp\/v2\/comments?post=68725"}],"version-history":[{"count":0,"href":"https:\/\/www.europesays.com\/se\/wp-json\/wp\/v2\/posts\/68725\/revisions"}],"wp:featuredmedia":[{"embeddable":true,"href":"https:\/\/www.europesays.com\/se\/wp-json\/wp\/v2\/media\/68726"}],"wp:attachment":[{"href":"https:\/\/www.europesays.com\/se\/wp-json\/wp\/v2\/media?parent=68725"}],"wp:term":[{"taxonomy":"category","embeddable":true,"href":"https:\/\/www.europesays.com\/se\/wp-json\/wp\/v2\/categories?post=68725"},{"taxonomy":"post_tag","embeddable":true,"href":"https:\/\/www.europesays.com\/se\/wp-json\/wp\/v2\/tags?post=68725"}],"curies":[{"name":"wp","href":"https:\/\/api.w.org\/{rel}","templated":true}]}}