{"id":68727,"date":"2025-10-31T08:17:22","date_gmt":"2025-10-31T08:17:22","guid":{"rendered":"https:\/\/www.europesays.com\/se\/68727\/"},"modified":"2025-10-31T08:17:22","modified_gmt":"2025-10-31T08:17:22","slug":"nar-barn-gar-bus-eller-godis-sa-dodar-vi-gud-kvartal","status":"publish","type":"post","link":"https:\/\/www.europesays.com\/se\/68727\/","title":{"rendered":"N\u00e4r barn g\u00e5r \u201dbus eller godis\u201d s\u00e5 d\u00f6dar vi Gud &#8211; Kvartal"},"content":{"rendered":"<ol>\n<li><a href=\"https:\/\/news.google.com\/rss\/articles\/CBMinwFBVV95cUxPNmYzaU5ySHRlMklPUWdFd2IwRmlsVm1oTU9mTkJOVVl5WGhzVk1ZTUxEbnpkcHFkQzN6SG5zVGF5V0tBa3JNcXczMHRpX0dGQWFGLU81OEF5QkZPUDNzTUNTWEczSFd0cmVnNG1aSDBYTFExNWJRS3VBNFRGemJKTmQ2ZjRtUEFNMWV0OTBpLWtHLU4xdEFTRFBud25ETEU?oc=5\" target=\"_blank\" rel=\"nofollow noopener\">N\u00e4r barn g\u00e5r \u201dbus eller godis\u201d s\u00e5 d\u00f6dar vi Gud<\/a>&nbsp;&nbsp;Kvartal<\/li>\n<li><a href=\"https:\/\/news.google.com\/rss\/articles\/CBMilAFBVV95cUxPNVdadkhWbnRhcDB4bzRJbDJrODQtcW1GZkRWc0lOU3owLUlJSXBCU2ZHdGw5enUzREJ2N1pIZW9qclRxeTRBS0I3dzRMMjJhSUV0eVFScDctSFlnVzJpWXdhcWZTR1ROMWx1MW55eDdvVzFXempOSHJCdWJucUJEUzlENHRwZW1VVTlwNlM0YmMxUTVv?oc=5\" target=\"_blank\" rel=\"nofollow noopener\">Sn\u00e4lla Busch, kulturkriga mot Halloween ist\u00e4llet<\/a>&nbsp;&nbsp;Aftonbladet<\/li>\n<li><a href=\"https:\/\/news.google.com\/rss\/articles\/CBMiZEFVX3lxTE0yUXREeVVZU1R6Z2FHUGN1YWhrdjdsZGlvamNacngtSll2WDU1RkVUd19RelAwd2lTU1pGLWR6a3k3VHdmdHFRcTk2aEJqb0pjYUM5TjVwV3ZSUFE0Q2JMalo2RnY?oc=5\" target=\"_blank\" rel=\"nofollow noopener\">\u201dV\u00e5ga v\u00e4gra dj\u00e4vulsh\u00f6gtiden\u201d<\/a>&nbsp;&nbsp;SvD<\/li>\n<li><a href=\"https:\/\/news.google.com\/rss\/articles\/CBMiiwFBVV95cUxNWlJkcDZPM2wxQ0ZMbmRFUVNjcV9RQlVHMV9pUjBhWHJqMkgxU2xLbXliLVpHSlRYVlVleWNWcUgyZGo1VHdiOENRVlpSVXY3UE9keml3OEZ3YzV2NE1IbGttN1RFY0xLck9CTUg0alI0V3VIcjB0WU43Y0oyU2t0LXZSUUFPSURaODdR?oc=5\" target=\"_blank\" rel=\"nofollow noopener\">Ledare: Allhelgona ocks\u00e5 en nymodighet<\/a>&nbsp;&nbsp;Mariestads-Tidningen<\/li>\n<li><a href=\"https:\/\/news.google.com\/rss\/articles\/CBMiqwFBVV95cUxOa1VLNnBSN1l6UnJMeXJiQW96TVZ3NFRjWXFDRkQ1UHphOWdacmlfS0o4bG80enlvVld2Yld5RnhUSy1jLXZGTDNIOHFjcFBSaWV5aWczTEdydnNxZ2Zxa1NtZHN1dkh2TWxRQUVoekVkVTFEek5ySk9YSzJrc0JMdF8wX3BhRS0xa0p5WU1aUWhLYWZ1UTYzQjZhR0JuRWUtUFJrU0FhdzF5WEE?oc=5\" target=\"_blank\" rel=\"nofollow noopener\">F\u00f6re detta satanistledare: \u201dHalloween h\u00f6gtid f\u00f6r ockulta ceremonier\u201d<\/a>&nbsp;&nbsp;V\u00e4rlden idag<\/li>\n<\/ol>\n","protected":false},"excerpt":{"rendered":"N\u00e4r barn g\u00e5r \u201dbus eller godis\u201d s\u00e5 d\u00f6dar vi Gud&nbsp;&nbsp;Kvartal Sn\u00e4lla Busch, kulturkriga mot Halloween ist\u00e4llet&nbsp;&nbsp;Aftonbladet \u201dV\u00e5ga v\u00e4gra&hellip;\n","protected":false},"author":2,"featured_media":68728,"comment_status":"","ping_status":"","sticky":false,"template":"","format":"standard","meta":{"footnotes":""},"categories":[12],"tags":[22,23,26,27,17,21,24,25,28,29,15,16,2335,18,34,31,33,32,30,19,20],"class_list":{"0":"post-68727","1":"post","2":"type-post","3":"status-publish","4":"format-standard","5":"has-post-thumbnail","7":"category-sverige","8":"tag-breaking-news","9":"tag-breakingnews","10":"tag-featured-news","11":"tag-featurednews","12":"tag-headlines","13":"tag-huvudnyheter","14":"tag-latest-news","15":"tag-latestnews","16":"tag-main-news","17":"tag-mainnews","18":"tag-news","19":"tag-nyheter","20":"tag-religion","21":"tag-rubriker","22":"tag-se","23":"tag-svenska","24":"tag-sverige","25":"tag-sweden","26":"tag-swedish","27":"tag-top-stories","28":"tag-topstories"},"share_on_mastodon":{"url":"https:\/\/pubeurope.com\/@se\/115467795980677729","error":""},"_links":{"self":[{"href":"https:\/\/www.europesays.com\/se\/wp-json\/wp\/v2\/posts\/68727","targetHints":{"allow":["GET"]}}],"collection":[{"href":"https:\/\/www.europesays.com\/se\/wp-json\/wp\/v2\/posts"}],"about":[{"href":"https:\/\/www.europesays.com\/se\/wp-json\/wp\/v2\/types\/post"}],"author":[{"embeddable":true,"href":"https:\/\/www.europesays.com\/se\/wp-json\/wp\/v2\/users\/2"}],"replies":[{"embeddable":true,"href":"https:\/\/www.europesays.com\/se\/wp-json\/wp\/v2\/comments?post=68727"}],"version-history":[{"count":0,"href":"https:\/\/www.europesays.com\/se\/wp-json\/wp\/v2\/posts\/68727\/revisions"}],"wp:featuredmedia":[{"embeddable":true,"href":"https:\/\/www.europesays.com\/se\/wp-json\/wp\/v2\/media\/68728"}],"wp:attachment":[{"href":"https:\/\/www.europesays.com\/se\/wp-json\/wp\/v2\/media?parent=68727"}],"wp:term":[{"taxonomy":"category","embeddable":true,"href":"https:\/\/www.europesays.com\/se\/wp-json\/wp\/v2\/categories?post=68727"},{"taxonomy":"post_tag","embeddable":true,"href":"https:\/\/www.europesays.com\/se\/wp-json\/wp\/v2\/tags?post=68727"}],"curies":[{"name":"wp","href":"https:\/\/api.w.org\/{rel}","templated":true}]}}