{"id":68741,"date":"2025-10-31T08:31:12","date_gmt":"2025-10-31T08:31:12","guid":{"rendered":"https:\/\/www.europesays.com\/se\/68741\/"},"modified":"2025-10-31T08:31:12","modified_gmt":"2025-10-31T08:31:12","slug":"inflationen-ater-upp-barnens-veckopeng","status":"publish","type":"post","link":"https:\/\/www.europesays.com\/se\/68741\/","title":{"rendered":"Inflationen \u00e4ter upp barnens veckopeng"},"content":{"rendered":"<p>De flesta barn \u00f6ver sex \u00e5r f\u00e5r vecko- eller m\u00e5nadspeng. Men 60 procent av f\u00f6r\u00e4ldrarna anpassar inte pengen till inflationen. Det framg\u00e5r av en enk\u00e4t fr\u00e5n L\u00e4nsf\u00f6rs\u00e4kringar och Verian, enligt TT.<\/p>\n<p>I snitt f\u00e5r barn och ungdomar 495 kronor i m\u00e5naden. F\u00f6r sex- till \u00e5tta\u00e5ringar \u00e4r siffran 192 kronor och f\u00f6r 16\u201318-\u00e5ringar 827 kronor. F\u00f6r\u00e4ldrarna uppger att pengarna mest g\u00e5r till k\u00f6p av godis, snacks och andra livsmedel.<\/p>\n<p>Endast 3 procent av f\u00f6r\u00e4ldrarna uppger att de kompenserar f\u00f6r inflationen fullt ut.<\/p>\n<p>Omni \u00e4r politiskt obundna och oberoende. Vi str\u00e4var efter att ge fler perspektiv p\u00e5 nyheterna. Har du fr\u00e5gor eller synpunkter kring v\u00e5r rapportering? <a href=\"https:\/\/omni.se\/foraldrar-inflationsjusterar-inte-veckopengen\/a\/mailto:redaktion@omni.se\" class=\"ArticleActions_contactLink__W2F1M\" rel=\"nofollow noopener\" target=\"_blank\">Kontakta redaktionen<\/a><\/p>\n","protected":false},"excerpt":{"rendered":"De flesta barn \u00f6ver sex \u00e5r f\u00e5r vecko- eller m\u00e5nadspeng. Men 60 procent av f\u00f6r\u00e4ldrarna anpassar inte pengen&hellip;\n","protected":false},"author":2,"featured_media":68742,"comment_status":"","ping_status":"","sticky":false,"template":"","format":"standard","meta":{"footnotes":""},"categories":[65],"tags":[223,72,70,71,328,324,589,34,31,33,32,30],"class_list":{"0":"post-68741","1":"post","2":"type-post","3":"status-publish","4":"format-standard","5":"has-post-thumbnail","7":"category-ekonomi","8":"tag-barn-unga","9":"tag-business","10":"tag-economy","11":"tag-ekonomi","12":"tag-inflation","13":"tag-makroekonomi","14":"tag-makrostatistik","15":"tag-se","16":"tag-svenska","17":"tag-sverige","18":"tag-sweden","19":"tag-swedish"},"share_on_mastodon":{"url":"https:\/\/pubeurope.com\/@se\/115467851089630618","error":""},"_links":{"self":[{"href":"https:\/\/www.europesays.com\/se\/wp-json\/wp\/v2\/posts\/68741","targetHints":{"allow":["GET"]}}],"collection":[{"href":"https:\/\/www.europesays.com\/se\/wp-json\/wp\/v2\/posts"}],"about":[{"href":"https:\/\/www.europesays.com\/se\/wp-json\/wp\/v2\/types\/post"}],"author":[{"embeddable":true,"href":"https:\/\/www.europesays.com\/se\/wp-json\/wp\/v2\/users\/2"}],"replies":[{"embeddable":true,"href":"https:\/\/www.europesays.com\/se\/wp-json\/wp\/v2\/comments?post=68741"}],"version-history":[{"count":0,"href":"https:\/\/www.europesays.com\/se\/wp-json\/wp\/v2\/posts\/68741\/revisions"}],"wp:featuredmedia":[{"embeddable":true,"href":"https:\/\/www.europesays.com\/se\/wp-json\/wp\/v2\/media\/68742"}],"wp:attachment":[{"href":"https:\/\/www.europesays.com\/se\/wp-json\/wp\/v2\/media?parent=68741"}],"wp:term":[{"taxonomy":"category","embeddable":true,"href":"https:\/\/www.europesays.com\/se\/wp-json\/wp\/v2\/categories?post=68741"},{"taxonomy":"post_tag","embeddable":true,"href":"https:\/\/www.europesays.com\/se\/wp-json\/wp\/v2\/tags?post=68741"}],"curies":[{"name":"wp","href":"https:\/\/api.w.org\/{rel}","templated":true}]}}