{"id":68743,"date":"2025-10-31T08:36:10","date_gmt":"2025-10-31T08:36:10","guid":{"rendered":"https:\/\/www.europesays.com\/se\/68743\/"},"modified":"2025-10-31T08:36:10","modified_gmt":"2025-10-31T08:36:10","slug":"graeme-jones-tackar-nej-till-sverige-landslaget","status":"publish","type":"post","link":"https:\/\/www.europesays.com\/se\/68743\/","title":{"rendered":"Graeme Jones tackar nej till Sverige | Landslaget"},"content":{"rendered":"<p>Publicerad 31 okt 2025 kl 07.54Uppdaterad kl 09.23<\/p>\n<p>Graham Potters nya stab h\u00e5ller p\u00e5 att utformas. Men nu st\u00e5r det klart att Graeme Jones inte kommer att tillh\u00f6ra den rapporterar Daily Mail.<\/p>\n<p><img loading=\"lazy\"   alt=\"\"\/> <\/p>\n<p>Foto: JEFF MOOD\/PROSPORTS\/SHUTTERSTOCK \/ SHUTTERSTOCK EDITORIAL\/IBL<\/p>\n<p>\u00d6ppna bild i helsk\u00e4rm<img loading=\"lazy\"   alt=\"\"\/> <\/p>\n<p>Foto: JOEL MARKLUND \/ BILDBYR\u00c5N<\/p>\n<p>\u00d6ppna bild i helsk\u00e4rm<\/p>\n<p>F\u00f6r 1,5 vecka sedan tog <a href=\"https:\/\/www.expressen.se\/tagg\/person\/graham-potter\/\" class=\"\" rel=\"nofollow noopener\" target=\"_blank\">Graham Potter<\/a> \u00f6ver som ny svensk f\u00f6rbundskapten efter att Jon Dahl Tomasson f\u00e5tt sparken. Beskedet innebar \u00e4ven att delar av staben runt f\u00f6rbundskaptenen byttes ut. Bland annat \u00e4r Potters tidigare vapendragare Bj\u00f6rn Hamberg, fasta situationer-experten Andreas Georgson och m\u00e5lvaktstr\u00e4naren Linus Kandolin klara f\u00f6r att backa upp engelsmannen.<\/p>\n<p>B\u00e5de Hamberg och Georgson kommer samtidigt som de \u00e4r del av Potters stab jobba vidare i sina klubbar, Brighton och Tottenham.<\/p>\n<p>Samtidigt har det spekulerats i att ytterligare f\u00f6rst\u00e4rkning \u00e4r p\u00e5 ing\u00e5ng. Daily Mail har <a href=\"https:\/\/www.dailymail.co.uk\/sport\/football\/article-15211045\/Premier-League-assistant-sweden.html\" rel=\"nofollow noopener\" target=\"_blank\">tidigare skrivit<\/a> att Newcastles assisterande tr\u00e4nare Graeme Jones \u00e4r aktuell f\u00f6r en roll i det svenska landslaget.<\/p>\n<p>Men nu skjuter Craig Hope ned det ryktet i <a href=\"https:\/\/www.dailymail.co.uk\/sport\/football\/article-15243119\/Newcastle-Confidential-Craig-Hope-autograph-hunters-crackdown-Osula-Wissa-TV-picks.html\" rel=\"nofollow noopener\" target=\"_blank\">samma tidning<\/a>. Hope skriver att meriterade Jones tackat nej till Potters f\u00f6rfr\u00e5gan om att ing\u00e5 i staben, f\u00f6r att i st\u00e4llet forts\u00e4tta sitt jobb i klubblaget.<\/p>\n<p>Potter tar ut sin f\u00f6rsta landslagstrupp n\u00e4sta vecka, inf\u00f6r VM-kvalmatcherna mot Schweiz 15 november och Slovenien den 18 november.<\/p>\n","protected":false},"excerpt":{"rendered":"Publicerad 31 okt 2025 kl 07.54Uppdaterad kl 09.23 Graham Potters nya stab h\u00e5ller p\u00e5 att utformas. Men nu&hellip;\n","protected":false},"author":2,"featured_media":68744,"comment_status":"","ping_status":"","sticky":false,"template":"","format":"standard","meta":{"footnotes":""},"categories":[68],"tags":[1336,4242,34,129,146,111,110,31,33,32,30],"class_list":{"0":"post-68743","1":"post","2":"type-post","3":"status-publish","4":"format-standard","5":"has-post-thumbnail","7":"category-sport","8":"tag-organization-sveriges-herrlandslag-i-fotboll","9":"tag-person-graham-potter","10":"tag-se","11":"tag-sections-fotboll","12":"tag-sections-landslaget","13":"tag-sport","14":"tag-sports","15":"tag-svenska","16":"tag-sverige","17":"tag-sweden","18":"tag-swedish"},"share_on_mastodon":{"url":"https:\/\/pubeurope.com\/@se\/115467870905410062","error":""},"_links":{"self":[{"href":"https:\/\/www.europesays.com\/se\/wp-json\/wp\/v2\/posts\/68743","targetHints":{"allow":["GET"]}}],"collection":[{"href":"https:\/\/www.europesays.com\/se\/wp-json\/wp\/v2\/posts"}],"about":[{"href":"https:\/\/www.europesays.com\/se\/wp-json\/wp\/v2\/types\/post"}],"author":[{"embeddable":true,"href":"https:\/\/www.europesays.com\/se\/wp-json\/wp\/v2\/users\/2"}],"replies":[{"embeddable":true,"href":"https:\/\/www.europesays.com\/se\/wp-json\/wp\/v2\/comments?post=68743"}],"version-history":[{"count":0,"href":"https:\/\/www.europesays.com\/se\/wp-json\/wp\/v2\/posts\/68743\/revisions"}],"wp:featuredmedia":[{"embeddable":true,"href":"https:\/\/www.europesays.com\/se\/wp-json\/wp\/v2\/media\/68744"}],"wp:attachment":[{"href":"https:\/\/www.europesays.com\/se\/wp-json\/wp\/v2\/media?parent=68743"}],"wp:term":[{"taxonomy":"category","embeddable":true,"href":"https:\/\/www.europesays.com\/se\/wp-json\/wp\/v2\/categories?post=68743"},{"taxonomy":"post_tag","embeddable":true,"href":"https:\/\/www.europesays.com\/se\/wp-json\/wp\/v2\/tags?post=68743"}],"curies":[{"name":"wp","href":"https:\/\/api.w.org\/{rel}","templated":true}]}}