{"id":68769,"date":"2025-10-31T09:08:10","date_gmt":"2025-10-31T09:08:10","guid":{"rendered":"https:\/\/www.europesays.com\/se\/68769\/"},"modified":"2025-10-31T09:08:10","modified_gmt":"2025-10-31T09:08:10","slug":"johan-hedberg-blir-avstangd-efter-matchstraff","status":"publish","type":"post","link":"https:\/\/www.europesays.com\/se\/68769\/","title":{"rendered":"Johan Hedberg blir avst\u00e4ngd \u2013 efter matchstraff\u00a0"},"content":{"rendered":"<p><strong><a href=\"https:\/\/hockeysverige.se\/klubb\/leksands-if\" rel=\"nofollow noopener\" target=\"_blank\">Leksand<\/a>s huvudtr\u00e4nare Johan Hedberg fick ett matchstraff efter slutsignalen mot <a href=\"https:\/\/hockeysverige.se\/klubb\/farjestad-bk\" rel=\"nofollow noopener\" target=\"_blank\">F\u00e4rjestad<\/a>. <\/strong>\u00a0<br \/><strong>Det \u00e4r Hedbergs andra matchstraff f\u00f6r s\u00e4songen och han blir nu avst\u00e4ngd i n\u00e4sta match.<\/strong>\u00a0<br \/><strong>\u2013 Det verkar som att de tyckt att jag sagt n\u00e5got ol\u00e4mpligt, s\u00e4ger Johan Hedberg till <\/strong><a href=\"https:\/\/www.aftonbladet.se\/sportbladet\/hockey\/a\/63paLO\/johan-hedberg-i-leksand-blir-avstangd-efter-sitt-andra-matchstraff\" target=\"_blank\" rel=\"noreferrer noopener nofollow\"><strong>Aftonbladet<\/strong><\/a><strong>.<\/strong>\u00a0<\/p>\n<p><img loading=\"lazy\" decoding=\"async\" width=\"1024\" height=\"658\" src=\"https:\/\/www.europesays.com\/se\/wp-content\/uploads\/2025\/10\/Johan-Hedberg-LIF-1024x658.webp.webp\" alt=\"Johan Hedberg.\" class=\"wp-image-320314\"  \/>Johan Hedberg kommer att missa Leksands n\u00e4sta match i SHL. <strong>Foto:<\/strong> Daniel Eriksson\/Bildbyr\u00e5n\u00a0<\/p>\n<p>Trots att Leksand var det b\u00e4ttre laget i stora delar av g\u00e5rdagens match mot F\u00e4rjestad och vann skotten med 35\u201321 f\u00f6rlorade \u00e4nd\u00e5 masarna med 4\u20132. \u00a0<\/p>\n<p>Efter matchen var det rej\u00e4lt irriterat i Leksandsl\u00e4gret. Huvudtr\u00e4naren Johan Hedberg fick bland annat ett matchstraff efter slutsignalen efter att han ska ha v\u00e4drat sitt missn\u00f6je mot domarna.\u00a0<\/p>\n<p>Det \u00e4r Hedbergs andra matchstraff den h\u00e4r s\u00e4songen. Leksandscoachen fick \u00e4ven ett matchstraff i bortamatchen mot <a href=\"https:\/\/hockeysverige.se\/klubb\/brynas-if\" rel=\"nofollow noopener\" target=\"_blank\">Bryn\u00e4s<\/a> 16 oktober, d\u00e4r Leksand f\u00f6rlorade med 3\u20132. Eftersom Johan Hedberg nu har f\u00e5tt tv\u00e5 matchstraff p\u00e5 kort tid blir han automatiskt avst\u00e4ngd av <a href=\"https:\/\/hockeysverige.se\/shl\" rel=\"nofollow noopener\" target=\"_blank\">SHL<\/a>. \u00a0<\/p>\n<p>Johan Hedberg st\u00e4ngs av i n\u00e4sta match\u00a0<\/p>\n<p>Det inneb\u00e4r att Hedberg inte kommer att f\u00e5 st\u00e5 i b\u00e5set n\u00e4r Leksand spelar hemma mot R\u00f6gle i morgon, l\u00f6rdag. I st\u00e4llet kommer tr\u00e4naren att f\u00e5 f\u00f6lja matchen fr\u00e5n l\u00e4ktaren. \u00a0<\/p>\n<p>Sj\u00e4lv \u00e4r Johan Hedberg f\u00e5ordig om matchstraffet och sin ilska efter f\u00f6rlusten mot F\u00e4rjestad.\u00a0<\/p>\n<p>\u2013 Det \u00e4r du som s\u00e4ger. Det f\u00e5r du tolka som du vill. Jag vill inte s\u00e4ga n\u00e5gonting. Du vill f\u00e5 mig att s\u00e4ga n\u00e5got dumt, det t\u00e4nker jag inte g\u00f6ra. Det \u00e4r s\u00e5 on\u00f6digt, det d\u00e4r kan vi l\u00f6sa internt, s\u00e4ger Hedberg till Aftonbladet.\u00a0<\/p>\n<p>Leksands IF har det fortsatt tungt i SHL. Efter nederlaget mot F\u00e4rjestad har dalalaget nu bara vunnit tv\u00e5 av de tolv senaste matcherna. De ligger d\u00e4rmed elva i tabellen, en po\u00e4ng f\u00f6re <a href=\"https:\/\/hockeysverige.se\/klubb\/hv71\" rel=\"nofollow noopener\" target=\"_blank\">HV71<\/a> och <a href=\"https:\/\/hockeysverige.se\/klubb\/linkoping-hc\" rel=\"nofollow noopener\" target=\"_blank\">Link\u00f6ping<\/a> under kvalstrecket, med 17 po\u00e4ng efter 17 matcher i SHL s\u00e5 h\u00e4r l\u00e5ngt. \u00a0<\/p>\n<p> Source: <a href=\"https:\/\/www.eliteprospects.com\/league\/shl\" target=\"_blank\" rel=\"noopener noreferrer nofollow\">SHL League Page<\/a> @ Elite Prospects<\/p>\n","protected":false},"excerpt":{"rendered":"Leksands huvudtr\u00e4nare Johan Hedberg fick ett matchstraff efter slutsignalen mot F\u00e4rjestad. \u00a0Det \u00e4r Hedbergs andra matchstraff f\u00f6r s\u00e4songen&hellip;\n","protected":false},"author":2,"featured_media":68770,"comment_status":"","ping_status":"","sticky":false,"template":"","format":"standard","meta":{"footnotes":""},"categories":[68],"tags":[34,133,134,111,110,31,33,32,30],"class_list":{"0":"post-68769","1":"post","2":"type-post","3":"status-publish","4":"format-standard","5":"has-post-thumbnail","7":"category-sport","8":"tag-se","9":"tag-second-news","10":"tag-shl","11":"tag-sport","12":"tag-sports","13":"tag-svenska","14":"tag-sverige","15":"tag-sweden","16":"tag-swedish"},"share_on_mastodon":{"url":"https:\/\/pubeurope.com\/@se\/115467996664047879","error":""},"_links":{"self":[{"href":"https:\/\/www.europesays.com\/se\/wp-json\/wp\/v2\/posts\/68769","targetHints":{"allow":["GET"]}}],"collection":[{"href":"https:\/\/www.europesays.com\/se\/wp-json\/wp\/v2\/posts"}],"about":[{"href":"https:\/\/www.europesays.com\/se\/wp-json\/wp\/v2\/types\/post"}],"author":[{"embeddable":true,"href":"https:\/\/www.europesays.com\/se\/wp-json\/wp\/v2\/users\/2"}],"replies":[{"embeddable":true,"href":"https:\/\/www.europesays.com\/se\/wp-json\/wp\/v2\/comments?post=68769"}],"version-history":[{"count":0,"href":"https:\/\/www.europesays.com\/se\/wp-json\/wp\/v2\/posts\/68769\/revisions"}],"wp:featuredmedia":[{"embeddable":true,"href":"https:\/\/www.europesays.com\/se\/wp-json\/wp\/v2\/media\/68770"}],"wp:attachment":[{"href":"https:\/\/www.europesays.com\/se\/wp-json\/wp\/v2\/media?parent=68769"}],"wp:term":[{"taxonomy":"category","embeddable":true,"href":"https:\/\/www.europesays.com\/se\/wp-json\/wp\/v2\/categories?post=68769"},{"taxonomy":"post_tag","embeddable":true,"href":"https:\/\/www.europesays.com\/se\/wp-json\/wp\/v2\/tags?post=68769"}],"curies":[{"name":"wp","href":"https:\/\/api.w.org\/{rel}","templated":true}]}}