{"id":68781,"date":"2025-10-31T09:21:08","date_gmt":"2025-10-31T09:21:08","guid":{"rendered":"https:\/\/www.europesays.com\/se\/68781\/"},"modified":"2025-10-31T09:21:08","modified_gmt":"2025-10-31T09:21:08","slug":"har-ska-svenskar-lasas-in-bilderna-inifran-fangelset-i-tartu","status":"publish","type":"post","link":"https:\/\/www.europesays.com\/se\/68781\/","title":{"rendered":"H\u00e4r ska svenskar l\u00e5sas in \u2013 bilderna inifr\u00e5n f\u00e4ngelset i Tartu"},"content":{"rendered":"<p>Kriminalv\u00e5rdsinspekt\u00f6ren Konstantin Nikiforov \u00f6ppnar d\u00f6rren till en av cellerna i den stora E-byggnaden i Tartuf\u00e4ngelset. Han vill visa livet som det kan komma te sig f\u00f6r 600 svenska f\u00e5ngar som fr\u00e5n mitten av 2026 kan komma att avtj\u00e4na sina straff i <a href=\"https:\/\/www.expressen.se\/tagg\/location\/estland\/\" class=\"\" rel=\"nofollow noopener\" target=\"_blank\">Estland<\/a>.<\/p>\n<p>En v\u00e5ningss\u00e4ng i metall, med tunn skumgummimadrass. Dubbla galler f\u00f6r det smala f\u00f6nstret. Tv\u00e5 pallar, ett litet skrivbord och varsitt litet sk\u00e5p. Rummet \u00e4r cirka tio kvadratmeter inklusive ett kombinerat dusch- och toalettrum d\u00e4r de oanv\u00e4nda ledningarna hostar ut m\u00f6rkbrunt vatten.<\/p>\n<p>Varje f\u00e5nge f\u00e5r en tv\u00e4ttlapp, en duschhandduk, en pl\u00e5tmugg och pl\u00e5ttallrik.\u00a0<\/p>\n<p>Tre g\u00e5nger om dagen serveras mat, p\u00e5 morgonen \u00e4r det gr\u00f6t, till lunch k\u00f6tt och gr\u00f6nsaker, och middagen best\u00e5r oftast av en soppa. D\u00e4remellan h\u00e5lls aktiviteter som jobb i snickarverkstaden, eller m\u00e5leri i hobbyrummet. Eller kurser i anger management.<\/p>\n<p><img loading=\"lazy\"   alt=\"\"\/><\/p>\n<p>Totalt har Tartuf\u00e4ngelset plats f\u00f6r \u00f6ver 900 f\u00e5ngar.<\/p>\n<p>Foto: OLLE SPORRONG<\/p>\n<p><img loading=\"lazy\"   alt=\"\"\/><\/p>\n<p>En tv\u00e4ttlapp, pl\u00e5tmugg och pl\u00e5ttallrik tilldelas varje f\u00e5nge.<\/p>\n<p>Foto: OLLE SPORRONG<\/p>\n<p><img loading=\"lazy\"   alt=\"\"\/><\/p>\n<p>M\u00f6rkbrunt vatten hostar upp ur ledningarna.<\/p>\n<p>Foto: OLLE SPORRONG<\/p>\n<p><img loading=\"lazy\"   alt=\"\"\/><\/p>\n<p>Inga kvinnor, unga, psykiskt eller fysiskt sjuka, eller f\u00e5ngar som inneb\u00e4r hot mot rikets s\u00e4kerhet kommer att tas emot av Estland.<\/p>\n<p>Foto: OLLE SPORRONG<\/p>\n<p>Nikiforov \u00e4r den som ansvarar f\u00f6r att hyrf\u00e4ngelsel\u00f6sningen ska fungera, i det avtal som justitieminister Gunnar Str\u00f6mmer (M) i somras tecknade med sin estniska motsvarighet, och som riksdagen ska r\u00f6sta om i v\u00e5r.<\/p>\n<p>Det ser ut att bli s\u00e5, S har anslutit sig till Tid\u00f6partiernas ja och det lutar \u00e5t ett ja i det estniska parlamentet ocks\u00e5.<\/p>\n<p>Tomma f\u00e4ngelseceller \u00e4r n\u00e5got unikt i Europa och Estland vill inte riva f\u00e4ngelser landet en dag kan komma att beh\u00f6va.<\/p>\n<p>Prislappen f\u00f6r Sverige<\/p>\n<p>D\u00e5 blir det h\u00e4r en perfekt l\u00f6sning f\u00f6r b\u00e4gge parter. Och f\u00f6r Estland \u00e4r avtalet med Sverige lukrativt.<\/p>\n<p>Under en fem\u00e5rsperiod f\u00f6rbinder sig Sverige att \u00e5rligen betala minst 335 miljoner kronor. F\u00f6r det kan upp till 300 f\u00e5ngar f\u00f6rvaras i Tartu. F\u00f6r varje f\u00e5nge ut\u00f6ver det betalar svenska staten 8 500 euro i m\u00e5naden, \u00f6versatt i kronor blir det en \u00e5rskostnad f\u00f6r skattebetalarna p\u00e5 1 114 000 kronor.<\/p>\n<p>Det l\u00e5ter mycket, men \u00e4r trots det mindre \u00e4n vad kostnaden \u00e4r i Sverige. Med det estniska uppl\u00e4gget sparas 300 000 kronor per f\u00e5nge och \u00e5r.<\/p>\n<p>Men esterna har f\u00f6rhandlat skickligt, de g\u00f6r \u00e5 andra sidan en rej\u00e4l vinst. Deras \u00e5rskostnad f\u00f6r en estnisk f\u00e5nge ligger i dag p\u00e5 460 000 kronor, vilket inneb\u00e4r att varje svensk f\u00e5nge inneb\u00e4r en vinst p\u00e5 650 000 kronor per \u00e5r.<\/p>\n<p><img loading=\"lazy\"   alt=\"\"\/><\/p>\n<p>Om det blir upplopp i f\u00e4ngelset har vakterna r\u00e4tt att ingripa och anv\u00e4nda v\u00e5ld. H\u00e4r f\u00e5r vakten Kristjan P\u00f6ldmaa agera f\u00e5nge.<\/p>\n<p>Foto: OLLE SPORRONG<\/p>\n<p><img loading=\"lazy\"   alt=\"\"\/><\/p>\n<p>F\u00e4ngelsets konstrum.<\/p>\n<p>Foto: OLLE SPORRONG<\/p>\n<p><img loading=\"lazy\"   alt=\"\"\/><\/p>\n<p>F\u00e4ngelset har en ortodox pr\u00e4st, men saknar erfarenhet av intagna muslimer. Det finns f\u00e5 imamer i Estland, och fr\u00e5gan beh\u00f6ver l\u00f6sas n\u00e4r Sverige skickar f\u00e5ngar.<\/p>\n<p>Foto: OLLE SPORRONG<\/p>\n<p>Tartuf\u00e4ngelset byggdes f\u00f6r 23 \u00e5r sedan, det g\u00f6r det till Estlands \u00e4ldsta, efter att man rivit Sovjettidens stora f\u00e4ngelser. F\u00e4ngelseomr\u00e5det \u00e4r en dryg kvadratkilometer stort, och har plats f\u00f6r 933 f\u00e5ngar. Men bara 293 platser \u00e4r upptagna i dag, den st\u00f6rsta byggnaden E st\u00e5r tom. D\u00e4r ska de svenska f\u00e5ngarna f\u00f6rvaras.<\/p>\n<p>Det \u00e4r nym\u00e5lat p\u00e5 sina h\u00e5ll, i b\u00e4ttre skick \u00e4n T\u00e4by, den svenska klass 2-anstalt jag bes\u00f6kte veckan innan f\u00f6r j\u00e4mf\u00f6relse.<\/p>\n<p>H\u00e4r och var har den gr\u00e5a cementen f\u00e5tt st\u00e4nk av f\u00e4rg. Lila och gult, d\u00f6rrar i orange. Men s\u00e4rskilt mycket f\u00f6r gl\u00e4djen g\u00f6r inte f\u00e4rgen, det h\u00e4r \u00e4r ett riktigt f\u00e4ngelse, det syns.<\/p>\n<p>Det \u00e4r dubbla galler framf\u00f6r f\u00f6nstren, och med j\u00e4mna mellanrum h\u00f6rs skrik fr\u00e5n en av byggnaderna. D\u00e4rinne \u00e4r avgiftningen, visar det sig \u2013 och det h\u00f6rs. Den h\u00f6ga stenmuren runt f\u00e4ngelset har spritsats med snirklig taggtr\u00e5d, framf\u00f6r muren finns ytterligare ett hinder, ett staket ocks\u00e5 det t\u00e4ckt av vass taggtr\u00e5d.<\/p>\n<p>P\u00e5 det h\u00e4r f\u00e4ngelset kan vakterna b\u00e4ra vapen. De tr\u00e4nas i att hantera upplopp, n\u00e5got som intr\u00e4ffat ett f\u00e5tal g\u00e5nger, och narkotikahundar g\u00f6r dagliga rundor p\u00e5 jakt efter droger.<\/p>\n<p><img loading=\"lazy\"   alt=\"\"\/><\/p>\n<p>Knarkhundarna tr\u00e4nar p\u00e5 att s\u00f6ka efter narkotika.<\/p>\n<p>Foto: OLLE SPORRONG<\/p>\n<p><img loading=\"lazy\"   alt=\"\"\/><\/p>\n<p>Anstalten har ett eget tandl\u00e4karrum.<\/p>\n<p>Foto: OLLE SPORRONG<\/p>\n<p>De svenska f\u00e5ngarna kommer till st\u00f6rsta del att dela cell, \u00e4ven om det ocks\u00e5 ska finnas enkelceller. De intagna f\u00e5r surfplattor f\u00f6r kontakter med anh\u00f6riga och f\u00f6r att kommunicera med f\u00e4ngelset.<\/p>\n<p>\u2013 Om de vill klaga p\u00e5 n\u00e5got, eller kanske ber\u00f6mma oss, vad vet jag \u2013 d\u00e5 kan de anv\u00e4nda den h\u00e4r plattan, s\u00e4ger Konstantin Nikiforov.<\/p>\n<p>Han f\u00f6rs\u00e4krar att cellen vi f\u00e5r se \u00e4r likadan som de estniska \u2013 n\u00e5gon b\u00e4ttre, lyxigare l\u00f6sning f\u00e5r inte svenskarna. Det enda som skiljer \u00e4r att wifi kopplas in s\u00e5 det g\u00e5r att ha videosamtal. Samtalen \u00f6vervakas av vakterna som ser bild, men inte h\u00f6r ljud.<\/p>\n<p><img loading=\"lazy\"   alt=\"\"\/><\/p>\n<p>En intagen pekar finger genom f\u00f6nstret.<\/p>\n<p>Foto: OLLE SPORRONG<\/p>\n<p><img loading=\"lazy\"   alt=\"\"\/><\/p>\n<p>Byggnaden E st\u00e5r tom. D\u00e4r ska de svenska f\u00e5ngarna l\u00e5sas in.<\/p>\n<p>Foto: OLLE SPORRONG<\/p>\n<p><img loading=\"lazy\"   alt=\"\"\/><\/p>\n<p>Kanske blir det ett galler i st\u00e4llet f\u00f6r dubbla framf\u00f6r f\u00f6nstren fram\u00f6ver.<\/p>\n<p>Foto: OLLE SPORRONG<\/p>\n<p>Sv\u00e5rt att kontrollera<\/p>\n<p>Med plattorna kan f\u00e5ngarna handla varor i e-shoppen, eller anv\u00e4nda \u00f6vers\u00e4ttningsverktyget. De kan bara kommunicera med godk\u00e4nda kontakter, n\u00e4ra anh\u00f6riga som sj\u00e4lva m\u00e5ste identifiera sig. I teorin g\u00e5r det att fuska, ingen kontrollerar att det inte \u00e4r en icke godk\u00e4nd person som ocks\u00e5 deltar i samtalet fr\u00e5n Sverige.<\/p>\n<p>\u2013 Allt \u00e4r en fr\u00e5ga om balans. \u00c4r risken att n\u00e5gon som inte borde delta i samtalet st\u00f6rre \u00e4n m\u00f6jligheten att f\u00e5ngen f\u00e5r ha kontakt med sina n\u00e4ra och k\u00e4ra? Alla kan hitta s\u00e4tt att kringg\u00e5 eller missbruka systemet, men den som g\u00f6r det riskerar s\u00e5 mycket mer att det \u00e4r osannolikt att s\u00e5 sker, s\u00e4ger Tiina Unuks, som ansvarar f\u00f6r s\u00e4kerheten p\u00e5 Tartu.<\/p>\n<p>\u2013 Det finns ingen gr\u00e4ns f\u00f6r videosamtalen, om vi har m\u00f6jlighet att \u00f6vervaka s\u00e5 g\u00e5r det att ringa oftare. Det \u00e4r viktigt f\u00f6r de intagna att kunna ha kontakt.<\/p>\n<p><img loading=\"lazy\"   alt=\"\"\/><\/p>\n<p>Tiina Unuks har varit med och f\u00f6rhandlat fram avtalet med Sverige.<\/p>\n<p>Foto: OLLE SPORRONG<\/p>\n<p><img loading=\"lazy\"   alt=\"\"\/><\/p>\n<p>Den estniska personalen menar att villkoren liknar de svenska.<\/p>\n<p>Foto: OLLE SPORRONG<\/p>\n<p>Skillnaden mot Sverige<\/p>\n<p>F\u00f6rb\u00e4ttringspotentialen f\u00f6r mys \u00e4r stor i Tartu. N\u00e4r jag bes\u00f6ker T\u00e4byanstalten \u00e4r yoga den popul\u00e4raste aktiviteten, och p\u00e5 torsdagar serveras efterr\u00e4tt, n\u00e5got alla ser fram emot. Det \u00e4r inget som kommer att erbjudas i Tartu, \u00e5tminstone inte i den nuvarande planen, men en sak finns att se fram emot:<\/p>\n<p>Annons<\/p>\n<p>De dubbla gallren f\u00f6r cellf\u00f6nstren kan komma att reduceras till ett enda p\u00e5 sikt.<\/p>\n<p>\u2013 Vi ser inte att det finns ett stort behov f\u00f6r dem. Utsikten blir lite b\u00e4ttre utan, s\u00e4ger Nikiforov.<\/p>\n<p>Utsikten? Den visar gr\u00e5 byggnader med lerv\u00e4lling och asfalt runtom, ljussatta i det Lars Winnerb\u00e4ck beskrivit som \u201dtandl\u00e4karv\u00e4der\u201d.<\/p>\n<p>Nikiforov har bes\u00f6kt svenska f\u00e4ngelser, och s\u00e4ger att det inte \u00e4r s\u00e5 stor skillnad. Men pressad i fr\u00e5gan medger han att det \u00e4nd\u00e5 finns en kulturskillnad:<\/p>\n<p>\u2013 S\u00e4ttet vi pratar med de intagna p\u00e5. Det svenska \u00e4r lite mer \u201ddynamiskt\u201d, vi har en betydligt mer strikt approach. S\u00e5 d\u00e4r kanske vi har n\u00e5got att l\u00e4ra av er, s\u00e4ger han.<\/p>\n<p>Runt 250 nya f\u00e5ngvaktare beh\u00f6ver rekryteras, tack vare Sverige kan f\u00e4ngelset i Tartu bli en av stadens st\u00f6rre arbetsgivare. De nya f\u00e5ngvaktarna kommer inte att beh\u00f6va tala flytande engelska, och exakt hur det ska fungera k\u00e4nns lite svajigt. B\u00e5de \u00f6vers\u00e4ttningsverktyg i l\u00e4splattan och spr\u00e5kkurs f\u00f6r de anst\u00e4llda kan komma i fr\u00e5ga.<\/p>\n<p><img loading=\"lazy\"   alt=\"\"\/><\/p>\n<p>Det finns b\u00e5de gymnastiksal, hobbyverkstad och ett musikrum med trummor och elgitarrer f\u00f6r de intagna.<\/p>\n<p>Foto: OLLE SPORRONG<\/p>\n<p><img loading=\"lazy\"   alt=\"\"\/><\/p>\n<p>S\u00e4kerhetst\u00e4nket \u00e4r h\u00f6gt men i snickeriet h\u00e4nger verktygen framme.<\/p>\n<p>Foto: OLLE SPORRONG<\/p>\n<p><img loading=\"lazy\"   alt=\"\"\/><\/p>\n<p>\u201dAllm\u00e4nheten kommer inte m\u00e4rka att vi har ett hyrf\u00e4ngelse h\u00e4r\u201d, s\u00e4ger Rait Kuuse, generaldirekt\u00f6r f\u00f6r de estniska f\u00e4ngelserna.<\/p>\n<p>Foto: OLLE SPORRONG<\/p>\n<p><img loading=\"lazy\"   alt=\"\"\/><\/p>\n<p>F\u00e4ngelsets musikrum.<\/p>\n<p>Foto: OLLE SPORRONG<\/p>\n<p>30 timmar av aktiviteter ska erbjudas varje vecka, uppdelat p\u00e5 arbete, utbildning och samtalsterapi. Utbudet blir inte lika stort som i Sverige, s\u00e5 Kriminalv\u00e5rden kommer att tvingas prioritera.<\/p>\n<p>En liten grupp fr\u00e5n svensk kriminalv\u00e5rd blir konsulter p\u00e5 plats f\u00f6r esterna, men saknar beslutsr\u00e4tt. Estnisk lag g\u00e4ller, \u00e4ven om det mesta \u00e4r detaljerat i avtalet.<\/p>\n<p>\u2013 V\u00e5r konstitution till\u00e5ter inte att n\u00e5gon annan kontrollerar delar av v\u00e5rt territorium eller ut\u00f6var makt, s\u00e4ger Rait Kuuse, generaldirekt\u00f6r f\u00f6r f\u00e4ngelserna som ligger direkt under justitiedepartementet.<\/p>\n<blockquote><p>Gl\u00f6m inte att ta hem dem bara!<\/p><\/blockquote>\n<p>Han har gjort studiebes\u00f6k hos sina nordiska kolleger.<\/p>\n<p>\u2013 Sverige har mindre f\u00e4ngelser. Vi har st\u00f6rre auktoritet \u00e4n de svenska f\u00e4ngelsevakterna. Vi kan b\u00e4ra vapen, hj\u00e4lpa polisen vid upplopp, och \u00e4r utrustade f\u00f6r att utreda brott som beg\u00e5s innanf\u00f6r f\u00e4ngelsev\u00e4ggarna, s\u00e4ger han.<\/p>\n<p>Tartu \u00e4r en anstalt med h\u00f6gt s\u00e4kerhetst\u00e4nk, \u00e4ven om det h\u00e4nger b\u00e5de skruvmejslar, saxar och filar fritt i hobbyverkstaden.<\/p>\n<p>\u2013 Under de 23 \u00e5r som Tartuf\u00e4ngelset funnits har ingen rymt h\u00e4rifr\u00e5n, s\u00e4ger Konstantin Nikiforov.<\/p>\n<p><img loading=\"lazy\"   alt=\"\"\/><\/p>\n<p>Helle Bunder ser inga praktiska problem f\u00f6r Tartuborna med fler f\u00e5ngar i f\u00e4ngelset. \u201dDet \u00e4r bara politik\u201d s\u00e4ger hon.<\/p>\n<p>Foto: OLLE SPORRONG<\/p>\n<p><img loading=\"lazy\"   alt=\"\"\/><\/p>\n<p>Tartubon och konsthistorikern Enrico Talvisto har inga problem med svenska f\u00e4ngelsekunder. \u201dGl\u00f6m inte att ta hem dem sen bara!\u201d v\u00e4djar han.<\/p>\n<p>Foto: OLLE SPORRONG<\/p>\n<p><img loading=\"lazy\"   alt=\"\"\/><\/p>\n<p>Tartu \u00e4r Estlands n\u00e4st st\u00f6rsta stad, och landets kulturella centrum med universitet och h\u00f6gsta domstolen. F\u00f6rra \u00e5ret var Tartu kulturhuvudstad i Europa.<\/p>\n<p>Foto: OLLE SPORRONG<\/p>\n<p>I centrala Tartu \u00e4r de svenska f\u00e4ngelsekunderna inget som v\u00e4cker uppst\u00e5ndelse. Tartuborna Helle Bunder och Enrico Talvisto tycker att fr\u00e5gan \u00e4r okontroversiell.<\/p>\n<p>\u2013 N\u00e4r f\u00e4ngelset \u00f6ppnade h\u00e4r 2003 s\u00e5 var folk uppr\u00f6rda och r\u00e4dda. Men inget h\u00e4nde ju, s\u00e4ger Enrico Talvisto.\u00a0<\/p>\n<p>\u2013 Nu \u00e4r det ju bara en tom byggnad vi inte kan anv\u00e4nda till n\u00e5got, d\u00e5 kan justitiedepartementet tj\u00e4na pengar i st\u00e4llet, och det blir arbetstillf\u00e4llen, det \u00e4r bra f\u00f6r Tartu.<\/p>\n<p>Men ett medskick till Sverige har i alla fall Enrico Talvisto:<\/p>\n<p>\u2013 Gl\u00f6m inte att ta hem dem sen bara!<\/p>\n<p><img loading=\"lazy\"   alt=\"\"\/><\/p>\n<p>Expressens reporter Anna Gullberg och fotograf Olle Sporrong p\u00e5 plats i estniska Tartu.<\/p>\n<p>Foto: OLLE SPORRONG<\/p>\n","protected":false},"excerpt":{"rendered":"Kriminalv\u00e5rdsinspekt\u00f6ren Konstantin Nikiforov \u00f6ppnar d\u00f6rren till en av cellerna i den stora E-byggnaden i Tartuf\u00e4ngelset. Han vill visa&hellip;\n","protected":false},"author":2,"featured_media":68782,"comment_status":"","ping_status":"","sticky":false,"template":"","format":"standard","meta":{"footnotes":""},"categories":[12],"tags":[22,23,26,27,17,21,24,25,1598,28,29,15,16,18,34,583,31,33,32,30,19,2057,1153,20],"class_list":{"0":"post-68781","1":"post","2":"type-post","3":"status-publish","4":"format-standard","5":"has-post-thumbnail","7":"category-sverige","8":"tag-breaking-news","9":"tag-breakingnews","10":"tag-featured-news","11":"tag-featurednews","12":"tag-headlines","13":"tag-huvudnyheter","14":"tag-latest-news","15":"tag-latestnews","16":"tag-location-estland","17":"tag-main-news","18":"tag-mainnews","19":"tag-news","20":"tag-nyheter","21":"tag-rubriker","22":"tag-se","23":"tag-sections-politik","24":"tag-svenska","25":"tag-sverige","26":"tag-sweden","27":"tag-swedish","28":"tag-top-stories","29":"tag-topic-kriminalpolitik","30":"tag-topic-kriminalvard-fangelse","31":"tag-topstories"},"share_on_mastodon":{"url":"https:\/\/pubeurope.com\/@se\/115468047813966829","error":""},"_links":{"self":[{"href":"https:\/\/www.europesays.com\/se\/wp-json\/wp\/v2\/posts\/68781","targetHints":{"allow":["GET"]}}],"collection":[{"href":"https:\/\/www.europesays.com\/se\/wp-json\/wp\/v2\/posts"}],"about":[{"href":"https:\/\/www.europesays.com\/se\/wp-json\/wp\/v2\/types\/post"}],"author":[{"embeddable":true,"href":"https:\/\/www.europesays.com\/se\/wp-json\/wp\/v2\/users\/2"}],"replies":[{"embeddable":true,"href":"https:\/\/www.europesays.com\/se\/wp-json\/wp\/v2\/comments?post=68781"}],"version-history":[{"count":0,"href":"https:\/\/www.europesays.com\/se\/wp-json\/wp\/v2\/posts\/68781\/revisions"}],"wp:featuredmedia":[{"embeddable":true,"href":"https:\/\/www.europesays.com\/se\/wp-json\/wp\/v2\/media\/68782"}],"wp:attachment":[{"href":"https:\/\/www.europesays.com\/se\/wp-json\/wp\/v2\/media?parent=68781"}],"wp:term":[{"taxonomy":"category","embeddable":true,"href":"https:\/\/www.europesays.com\/se\/wp-json\/wp\/v2\/categories?post=68781"},{"taxonomy":"post_tag","embeddable":true,"href":"https:\/\/www.europesays.com\/se\/wp-json\/wp\/v2\/tags?post=68781"}],"curies":[{"name":"wp","href":"https:\/\/api.w.org\/{rel}","templated":true}]}}