{"id":68850,"date":"2025-10-31T10:43:08","date_gmt":"2025-10-31T10:43:08","guid":{"rendered":"https:\/\/www.europesays.com\/se\/68850\/"},"modified":"2025-10-31T10:43:08","modified_gmt":"2025-10-31T10:43:08","slug":"tjansteman-pratade-om-natoforhandling-pa-hogtalartelefon","status":"publish","type":"post","link":"https:\/\/www.europesays.com\/se\/68850\/","title":{"rendered":"Tj\u00e4nsteman pratade om Natof\u00f6rhandling p\u00e5 h\u00f6gtalartelefon"},"content":{"rendered":"<p>En tj\u00e4nsteman n\u00e4ra Magdalena Andersson talade om Sveriges Natostrategi p\u00e5 h\u00f6gtalartelefon p\u00e5 Arlanda, enligt <a href=\"https:\/\/www.svt.se\/nyheter\/inrikes\/topptjansteman-utreddes-for-att-ha-rojt-information-om-magdalena-andersson\" rel=\"nofollow noopener\" target=\"_blank\">SVT Nyheter<\/a>.<\/p>\n<p>Samtidigt som f\u00f6rhandlingarna med Turkiet r\u00f6jde han bland annat d\u00e5varande statsministerns resplaner.<\/p>\n<p>\u2013 Det \u00e4r s\u00e5dant som inte ska pratas om i en allm\u00e4n milj\u00f6 \u00f6verhuvudtaget, s\u00e4ger s\u00e4kerhetsexperten J\u00f6rgen Holmlund, till SVT.<\/p>\n<p>Saabs vd: \u201dInget tecken p\u00e5 avmattning\u201d<img loading=\"lazy\"   alt=\"\"\/><\/p>\n<p>Magdalena Andersson arbetade f\u00f6r att f\u00e5 Sverige med i Nato.<\/p>\n<p>Foto: PELLE T NILSSON \/ SPA SPA | SWEDISH PRESS AGENCY<\/p>\n<p>\u00d6ppna bild i helsk\u00e4rm<img loading=\"lazy\"   alt=\"\"\/><\/p>\n<p>Arlanda (genrebild).<\/p>\n<p>Foto: Matias Basualdo \/ TT NYHETSBYR\u00c5N<\/p>\n<p>\u00d6ppna bild i helsk\u00e4rm<\/p>\n<p>Sommaren 2022 arbetade regeringen f\u00f6r fullt f\u00f6r att f\u00e5 Turkiet att sl\u00e4ppa in Sverige i <a href=\"https:\/\/www.expressen.se\/tagg\/organization\/nato\/\" class=\"\" rel=\"nofollow noopener\" target=\"_blank\">Nato<\/a>. I samband med att Magdalena Andersson gjorde en resa till Natos h\u00f6gkvarter i Bryssel satt en tj\u00e4nsteman fr\u00e5n regeringskansliet i loungen p\u00e5 Arlanda och pratade om k\u00e4nsliga fr\u00e5gor p\u00e5 h\u00f6gtalartelefon, kan SVT Nyheter nu avsl\u00f6ja.<\/p>\n<p>Personen pratade bland annat om statsministerns resplaner, ett ok\u00e4nt m\u00f6te med USA och m\u00f6jliga strategier i f\u00f6rhandlingarna med Turkiet, enligt uppgifter till tv-kanalen.<\/p>\n<p>En person som h\u00f6rde samtalet kom genom den milit\u00e4ra underr\u00e4ttelsetj\u00e4nsten, Must, i kontakt med regeringskansliet som nu har hemligst\u00e4mplat all dokumentation om h\u00e4ndelsen. De bekr\u00e4ftar d\u00e4remot incidenten.<\/p>\n<p>\u201dRegeringskansliet k\u00e4nner till att en medarbetare \u00f6verh\u00f6rts under ett telefonsamtal p\u00e5 Arlanda\u201d, skriver presskommunikat\u00f6ren Johanna Aschan, till SVT.<\/p>\n<p>\u201dBristande f\u00f6rst\u00e5else\u201d<\/p>\n<p>Enligt myndigheten har tj\u00e4nstemannen \u201dagerat h\u00f6gst ol\u00e4mpligt och omd\u00f6mesl\u00f6st\u201d men det bed\u00f6ms inte ha l\u00e4ckt n\u00e5gra s\u00e4kerhetsskyddsklassificerade uppgifter. Tj\u00e4nstemannen har fortfarande en h\u00f6g befattning i regeringskansliet.<\/p>\n<p>J\u00f6rgen Holmlund, s\u00e4kerhetsexpert p\u00e5 F\u00f6rsvarsh\u00f6gskolan, s\u00e4ger till SVT att det intr\u00e4ffade borde ha anm\u00e4lts till S\u00e4kerhetspolisen.<\/p>\n<p>\u2013 Att man sitter i loungen p\u00e5 Arlanda och g\u00f6r det via h\u00f6gtalartelefon visar en grad av ouppm\u00e4rksamhet och bristande f\u00f6rst\u00e5else f\u00f6r v\u00e5ra s\u00e4kerhetsrutiner, s\u00e4ger han, till tv-kanalen.<\/p>\n","protected":false},"excerpt":{"rendered":"En tj\u00e4nsteman n\u00e4ra Magdalena Andersson talade om Sveriges Natostrategi p\u00e5 h\u00f6gtalartelefon p\u00e5 Arlanda, enligt SVT Nyheter. Samtidigt som&hellip;\n","protected":false},"author":2,"featured_media":68851,"comment_status":"","ping_status":"","sticky":false,"template":"","format":"standard","meta":{"footnotes":""},"categories":[12],"tags":[22,23,26,27,17,21,24,25,107,500,28,29,15,6305,16,1401,1207,18,34,154,31,33,32,30,19,2189,20],"class_list":{"0":"post-68850","1":"post","2":"type-post","3":"status-publish","4":"format-standard","5":"has-post-thumbnail","7":"category-sverige","8":"tag-breaking-news","9":"tag-breakingnews","10":"tag-featured-news","11":"tag-featurednews","12":"tag-headlines","13":"tag-huvudnyheter","14":"tag-latest-news","15":"tag-latestnews","16":"tag-location-arlanda","17":"tag-location-turkiet","18":"tag-main-news","19":"tag-mainnews","20":"tag-news","21":"tag-newsstory-sveriges-nato-ansokan","22":"tag-nyheter","23":"tag-organization-nato","24":"tag-person-magdalena-andersson","25":"tag-rubriker","26":"tag-se","27":"tag-sections-sverige","28":"tag-svenska","29":"tag-sverige","30":"tag-sweden","31":"tag-swedish","32":"tag-top-stories","33":"tag-topic-sakerhetspolitik","34":"tag-topstories"},"share_on_mastodon":{"url":"https:\/\/pubeurope.com\/@se\/115468370177166037","error":""},"_links":{"self":[{"href":"https:\/\/www.europesays.com\/se\/wp-json\/wp\/v2\/posts\/68850","targetHints":{"allow":["GET"]}}],"collection":[{"href":"https:\/\/www.europesays.com\/se\/wp-json\/wp\/v2\/posts"}],"about":[{"href":"https:\/\/www.europesays.com\/se\/wp-json\/wp\/v2\/types\/post"}],"author":[{"embeddable":true,"href":"https:\/\/www.europesays.com\/se\/wp-json\/wp\/v2\/users\/2"}],"replies":[{"embeddable":true,"href":"https:\/\/www.europesays.com\/se\/wp-json\/wp\/v2\/comments?post=68850"}],"version-history":[{"count":0,"href":"https:\/\/www.europesays.com\/se\/wp-json\/wp\/v2\/posts\/68850\/revisions"}],"wp:featuredmedia":[{"embeddable":true,"href":"https:\/\/www.europesays.com\/se\/wp-json\/wp\/v2\/media\/68851"}],"wp:attachment":[{"href":"https:\/\/www.europesays.com\/se\/wp-json\/wp\/v2\/media?parent=68850"}],"wp:term":[{"taxonomy":"category","embeddable":true,"href":"https:\/\/www.europesays.com\/se\/wp-json\/wp\/v2\/categories?post=68850"},{"taxonomy":"post_tag","embeddable":true,"href":"https:\/\/www.europesays.com\/se\/wp-json\/wp\/v2\/tags?post=68850"}],"curies":[{"name":"wp","href":"https:\/\/api.w.org\/{rel}","templated":true}]}}