{"id":68999,"date":"2025-10-31T13:56:14","date_gmt":"2025-10-31T13:56:14","guid":{"rendered":"https:\/\/www.europesays.com\/se\/68999\/"},"modified":"2025-10-31T13:56:14","modified_gmt":"2025-10-31T13:56:14","slug":"isaac-kiese-thelins-forsta-ord-fran-japan-lamnade-malmo-ff","status":"publish","type":"post","link":"https:\/\/www.europesays.com\/se\/68999\/","title":{"rendered":"Isaac Kiese Thelins f\u00f6rsta ord fr\u00e5n Japan \u2013\u00a0l\u00e4mnade Malm\u00f6 FF"},"content":{"rendered":"<p>Publicerad 31 okt 2025 kl 09.37Uppdaterad kl 10.21<\/p>\n<p>PremiumN\u00e4r Henrik Rydstr\u00f6m envisades med att dra ner p\u00e5 speltiden k\u00e4nde Isaac Kiese Thelin att han inte l\u00e4ngre hade n\u00e5got val.<\/p>\n<p>Kontraktet revs.<\/p>\n<p>Tre m\u00e5nader efter uppbrottet ber\u00e4ttar anfallaren nu om nya livet i Tokyo, presenterna fr\u00e5n supportrar, viktiga st\u00f6det fr\u00e5n H\u00e4cken-profilen, relationen till Rydstr\u00f6m, vad som g\u00e5tt snett f\u00f6r MFF i \u00e5r och om beslutet att l\u00e4mna klubben.<\/p>\n<p>\u2013 Jag ville inte bli en gammal, gn\u00e4llig gubbe.<\/p>\n<p><img   alt=\"\"\/><\/p>\n<p>Isaac Kiese Thelin.<\/p>\n<p>Foto: PETTER ARVIDSON \/ BILDBYR\u00c5N<\/p>\n<p>\u00d6ppna bild i helsk\u00e4rm<\/p>\n","protected":false},"excerpt":{"rendered":"Publicerad 31 okt 2025 kl 09.37Uppdaterad kl 10.21 PremiumN\u00e4r Henrik Rydstr\u00f6m envisades med att dra ner p\u00e5 speltiden&hellip;\n","protected":false},"author":2,"featured_media":69000,"comment_status":"","ping_status":"","sticky":false,"template":"","format":"standard","meta":{"footnotes":""},"categories":[68],"tags":[358,103,34,130,129,111,110,31,33,32,30],"class_list":{"0":"post-68999","1":"post","2":"type-post","3":"status-publish","4":"format-standard","5":"has-post-thumbnail","7":"category-sport","8":"tag-organization-malmo-ff","9":"tag-premium","10":"tag-se","11":"tag-sections-allsvenskan","12":"tag-sections-fotboll","13":"tag-sport","14":"tag-sports","15":"tag-svenska","16":"tag-sverige","17":"tag-sweden","18":"tag-swedish"},"share_on_mastodon":{"url":"https:\/\/pubeurope.com\/@se\/115469129026671650","error":""},"_links":{"self":[{"href":"https:\/\/www.europesays.com\/se\/wp-json\/wp\/v2\/posts\/68999","targetHints":{"allow":["GET"]}}],"collection":[{"href":"https:\/\/www.europesays.com\/se\/wp-json\/wp\/v2\/posts"}],"about":[{"href":"https:\/\/www.europesays.com\/se\/wp-json\/wp\/v2\/types\/post"}],"author":[{"embeddable":true,"href":"https:\/\/www.europesays.com\/se\/wp-json\/wp\/v2\/users\/2"}],"replies":[{"embeddable":true,"href":"https:\/\/www.europesays.com\/se\/wp-json\/wp\/v2\/comments?post=68999"}],"version-history":[{"count":0,"href":"https:\/\/www.europesays.com\/se\/wp-json\/wp\/v2\/posts\/68999\/revisions"}],"wp:featuredmedia":[{"embeddable":true,"href":"https:\/\/www.europesays.com\/se\/wp-json\/wp\/v2\/media\/69000"}],"wp:attachment":[{"href":"https:\/\/www.europesays.com\/se\/wp-json\/wp\/v2\/media?parent=68999"}],"wp:term":[{"taxonomy":"category","embeddable":true,"href":"https:\/\/www.europesays.com\/se\/wp-json\/wp\/v2\/categories?post=68999"},{"taxonomy":"post_tag","embeddable":true,"href":"https:\/\/www.europesays.com\/se\/wp-json\/wp\/v2\/tags?post=68999"}],"curies":[{"name":"wp","href":"https:\/\/api.w.org\/{rel}","templated":true}]}}