{"id":69056,"date":"2025-10-31T15:31:15","date_gmt":"2025-10-31T15:31:15","guid":{"rendered":"https:\/\/www.europesays.com\/se\/69056\/"},"modified":"2025-10-31T15:31:15","modified_gmt":"2025-10-31T15:31:15","slug":"sa-mycket-kraver-aik-for-att-salja-kevin-filling","status":"publish","type":"post","link":"https:\/\/www.europesays.com\/se\/69056\/","title":{"rendered":"S\u00e5 mycket kr\u00e4ver AIK f\u00f6r att s\u00e4lja Kevin Filling"},"content":{"rendered":"<p><strong><a href=\"https:\/\/fotbolldirekt.se\/spelare\/kevin-filling\/\" rel=\"nofollow noopener\" target=\"_blank\">Kevin Filling<\/a> har varit omskriven den senaste veckan. <\/strong><br \/><strong>F\u00f6rst kom Manchester United, sedan RB Leipzig och enligt nya uppgifter till FotbollDirekt har Aston Villa kommit in i bilden.\u00a0<br \/>Nu st\u00e5r det \u00e4ven, enligt FD:s k\u00e4llor, klart vad AIK har f\u00f6r krav.\u00a0<\/strong><\/p>\n<p><img loading=\"lazy\" decoding=\"async\" width=\"1024\" height=\"576\" src=\"https:\/\/www.europesays.com\/se\/wp-content\/uploads\/2025\/10\/gatt-1024x576.jpg\" alt=\"\" class=\"wp-image-335202\"  \/>Foto: Bildbyr\u00e5n<\/p>\n<p>Tv\u00e5 starter och tv\u00e5 m\u00e5l \u2013 som 16-\u00e5ring.\u00a0<\/p>\n<p>Kevin Fillings \u00e5r i <a href=\"https:\/\/fotbolldirekt.se\/klubb\/aik-fotboll\/\" rel=\"nofollow noopener\" target=\"_blank\">AIK<\/a> har onekligen varit sp\u00e4nnande \u00a0och skapar nu allt st\u00f6rre rubriker. \u00a0<\/p>\n<p>I b\u00f6rjan av veckan fick han sin f\u00f6rsta st\u00f6rre intresserubrik n\u00e4r <a href=\"https:\/\/fotbolldirekt.se\/silly-season\/uppgifter-manchester-united-i-forhandlingar-med-aik\/\" rel=\"nofollow noopener\" target=\"_blank\">Sky Sports skrev om Manchester United<\/a> \u2013 och det uppgavs p\u00e5g\u00e5 konkreta f\u00f6rhandlingar med AIK. <a href=\"https:\/\/fotbolldirekt.se\/klubb\/rb-leipzig\/\" rel=\"nofollow noopener\" target=\"_blank\">RB Leipzig<\/a> har \u00e4ven n\u00e4mnts av Sportbladet.\u00a0<\/p>\n<p>I g\u00e5r kunde FotbollDirekt d\u00e4remot rapportera om att det <a href=\"https:\/\/fotbolldirekt.se\/spelare\/kevin-filling\/\" rel=\"nofollow noopener\" target=\"_blank\">inte existerar n\u00e5gra f\u00f6rhandlingar mellan United och AIK<\/a>.\u00a0<\/p>\n<p>S\u00e5 mycket kr\u00e4ver AIK f\u00f6r Kevin Filling <\/p>\n<p>I dag kommer ytterligare uppgifter till FotbollDirekt om den engelska storklubben som <strong>faktiskt uppges ha f\u00f6rt fram en intressef\u00f6rfr\u00e5gan till AIK<\/strong> \u2013 men att det stannat d\u00e4r p\u00e5 grund av prisbilden tre miljoner euro som United har signalerat.\u00a0<\/p>\n<p>AIK uppges snabbt ha svarat att <strong>Filling inte \u00e4r till salu med mindre \u00e4n att fem miljoner euro kommer p\u00e5 bordet<\/strong>, motsvarande cirka 56 miljoner kronor.\u00a0Vidare ska \u00e4ven Uniteds ha hunnit beskriva att <strong>planen var att l\u00e5na ut honom till schweiziska samarbetsklubben Lausanne<\/strong>.\u00a0<\/p>\n<p>Men inte nog med det \u2013 nu h\u00e4nder det mer kring 16-\u00e5ringen.<\/p>\n<p>FD kan nu \u00e4ven rapportera om att \u00e4ven <a href=\"https:\/\/fotbolldirekt.se\/klubb\/aston-villa\/\" rel=\"nofollow noopener\" target=\"_blank\">Aston Villa<\/a> har kommit in i bilden men uppges inte heller vilja g\u00e5 \u00f6ver tre miljoner euro. Villa har \u00e4ven \u2013 precis som United sett den 16-\u00e5rige talangen p\u00e5 plats i Sverige.\u00a0<\/p>\n<p>Skulle AIK i en f\u00f6rl\u00e4ngning f\u00e5 igenom krav p\u00e5 fem miljoner euro s\u00e5 vore det klubbens n\u00e4sta st\u00f6rsta transfer genom tiderna efter Alexander Isak. I nul\u00e4get \u00e4r Jonah Kusi Asare till Bayern M\u00fcnchen tv\u00e5a med 55 miljoner i grundsumma.\u00a0<\/p>\n<p>Totalt sett har Kevin Filling spelat sju allsvenska matcher f\u00f6r AIK under \u00e5rets s\u00e4song.<\/p>\n","protected":false},"excerpt":{"rendered":"Kevin Filling har varit omskriven den senaste veckan. F\u00f6rst kom Manchester United, sedan RB Leipzig och enligt nya&hellip;\n","protected":false},"author":2,"featured_media":69057,"comment_status":"","ping_status":"","sticky":false,"template":"","format":"standard","meta":{"footnotes":""},"categories":[5],"tags":[22,23,26,27,17,754,21,24,25,28,29,15,16,18,34,31,33,32,30,19,20],"class_list":{"0":"post-69056","1":"post","2":"type-post","3":"status-publish","4":"format-standard","5":"has-post-thumbnail","7":"category-rubriker","8":"tag-breaking-news","9":"tag-breakingnews","10":"tag-featured-news","11":"tag-featurednews","12":"tag-headlines","13":"tag-huvudblock","14":"tag-huvudnyheter","15":"tag-latest-news","16":"tag-latestnews","17":"tag-main-news","18":"tag-mainnews","19":"tag-news","20":"tag-nyheter","21":"tag-rubriker","22":"tag-se","23":"tag-svenska","24":"tag-sverige","25":"tag-sweden","26":"tag-swedish","27":"tag-top-stories","28":"tag-topstories"},"share_on_mastodon":{"url":"https:\/\/pubeurope.com\/@se\/115469502664176479","error":""},"_links":{"self":[{"href":"https:\/\/www.europesays.com\/se\/wp-json\/wp\/v2\/posts\/69056","targetHints":{"allow":["GET"]}}],"collection":[{"href":"https:\/\/www.europesays.com\/se\/wp-json\/wp\/v2\/posts"}],"about":[{"href":"https:\/\/www.europesays.com\/se\/wp-json\/wp\/v2\/types\/post"}],"author":[{"embeddable":true,"href":"https:\/\/www.europesays.com\/se\/wp-json\/wp\/v2\/users\/2"}],"replies":[{"embeddable":true,"href":"https:\/\/www.europesays.com\/se\/wp-json\/wp\/v2\/comments?post=69056"}],"version-history":[{"count":0,"href":"https:\/\/www.europesays.com\/se\/wp-json\/wp\/v2\/posts\/69056\/revisions"}],"wp:featuredmedia":[{"embeddable":true,"href":"https:\/\/www.europesays.com\/se\/wp-json\/wp\/v2\/media\/69057"}],"wp:attachment":[{"href":"https:\/\/www.europesays.com\/se\/wp-json\/wp\/v2\/media?parent=69056"}],"wp:term":[{"taxonomy":"category","embeddable":true,"href":"https:\/\/www.europesays.com\/se\/wp-json\/wp\/v2\/categories?post=69056"},{"taxonomy":"post_tag","embeddable":true,"href":"https:\/\/www.europesays.com\/se\/wp-json\/wp\/v2\/tags?post=69056"}],"curies":[{"name":"wp","href":"https:\/\/api.w.org\/{rel}","templated":true}]}}