{"id":69136,"date":"2025-10-31T17:35:20","date_gmt":"2025-10-31T17:35:20","guid":{"rendered":"https:\/\/www.europesays.com\/se\/69136\/"},"modified":"2025-10-31T17:35:20","modified_gmt":"2025-10-31T17:35:20","slug":"mikkjal-thomassen-vill-stanna-i-aik","status":"publish","type":"post","link":"https:\/\/www.europesays.com\/se\/69136\/","title":{"rendered":"Mikkjal Thomassen vill stanna i AIK"},"content":{"rendered":"<p>Huvudtr\u00e4naren bekr\u00e4ftar &#8211; hans f\u00f6rsta tanke i huvudet \u00e4r att stanna i AIK.<\/p>\n<p>AIK:s huvudtr\u00e4nare MIkkjal Thomassen har utl\u00e4ndska klubbar efter sig, och f\u00f6rv\u00e4ntas l\u00e4mna AIK i vinter. <\/p>\n<p style=\"line-height: 1.38; margin-top: 0pt; margin-bottom: 0pt\">Den f\u00e4r\u00f6iske 49-\u00e5ringen tonar dock ned uppgifterna till <a target=\"_blank\" href=\"https:\/\/www.aftonbladet.se\/sportbladet\/fotboll\/a\/B05adQ\/mikkjal-thomassen-bemoter-uppgifterna-om-kritik-och-utlandsintresse\" rel=\"nofollow noopener\">Sportbladet <\/a>. <\/p>\n<p style=\"line-height: 1.38; margin-top: 0pt; margin-bottom: 0pt\">\u2013 Min f\u00f6rsta prioritet \u00e4r AIK och jag kommer g\u00f6ra ett s\u00e5 bra jobb jag kan och jag kommer g\u00f6ra mitt b\u00e4sta s\u00e5 l\u00e4nge jag \u00e4r i AIK. Jag \u00e4r v\u00e4ldigt dedikerad till att g\u00f6ra allt jag kan i klubben. Jag upplever en extrem support fr\u00e5n v\u00e4ldigt m\u00e5nga supportrar. Jag tror inte bilden alltid \u00e4r som den \u00e4r p\u00e5 sociala medier. Det \u00e4r m\u00e5nga som \u00e4r n\u00f6jda med att det jobbas kontinuerligt, l\u00e5ngsiktigt och att vi jobbar med kulturen f\u00f6r att utveckla spelare. <\/p>\n<p style=\"line-height: 1.38; margin-top: 0pt; margin-bottom: 0pt\">Han forts\u00e4tter: <\/p>\n<p style=\"line-height: 1.38; margin-top: 0pt; margin-bottom: 0pt\">\u2013 Min uppgift \u00e4r att g\u00f6ra det kortsiktiga jobbet i AIK. I f\u00f6rh\u00e5llande till min framtid \u00e4r det klubbens ledning som ska s\u00e4kerhetsst\u00e4lla att klubben m\u00e5r bra i ett l\u00e5ngsiktig perspektiv, det \u00e4r deras ansvar och det lever jag v\u00e4ldigt bra med. Jag sover gott om n\u00e4tterna. <\/p>\n<p style=\"line-height: 1.38; margin-top: 0pt; margin-bottom: 0pt\">Han vill inte svara p\u00e5 om han ska tr\u00e4na AIK n\u00e4sta s\u00e4song. <\/p>\n<p style=\"line-height: 1.38; margin-top: 0pt; margin-bottom: 0pt\">\u2013 Mitt svar p\u00e5 fr\u00e5gan \u00e4r att du f\u00e5r prata med ledningen om det. <\/p>\n<p style=\"line-height: 1.38; margin-top: 0pt; margin-bottom: 0pt\">Samtidigt bekr\u00e4ftar han att det finns intresse p\u00e5 honom ifr\u00e5n utl\u00e4ndska klubbar. <\/p>\n<p style=\"line-height: 1.38; margin-top: 0pt; margin-bottom: 0pt\">\u2013 Det har funnits utl\u00e4ndskt intresse f\u00f6r mig i ett \u00e5r, b\u00e5de i vintras och i somras. Jag har varit v\u00e4ldigt tydlig med AIK att min f\u00f6rsta prioritet \u00e4r AIK och det har det varit hela tiden. Jag har ingen konkret kommunikation med n\u00e5gon utl\u00e4ndsk klubb, jag har inte haft det och jag \u00f6nskar inte att ha det. <\/p>\n<p style=\"line-height: 1.38; margin-top: 0pt; margin-bottom: 0pt\">Kontraktet med AIK g\u00e5r ut efter s\u00e4songen 2026. <\/p>\n<p style=\"line-height: 1.38; margin-top: 0pt; margin-bottom: 0pt\">Tidigare har Mikkjal Thomassen tr\u00e4nat B36 T\u00f3rshavn, K\u00cd Klaksv\u00edk och Fredrikstad FK. <\/p>\n<p style=\"line-height: 1.38; margin-top: 0pt; margin-bottom: 0pt\">Som spelare var han i HB T\u00f3rshavn, B36 T\u00f3rshavn, B68 T\u00f3rshavn och EB\/Streymur. <\/p>\n","protected":false},"excerpt":{"rendered":"Huvudtr\u00e4naren bekr\u00e4ftar &#8211; hans f\u00f6rsta tanke i huvudet \u00e4r att stanna i AIK. AIK:s huvudtr\u00e4nare MIkkjal Thomassen har&hellip;\n","protected":false},"author":2,"featured_media":69137,"comment_status":"","ping_status":"","sticky":false,"template":"","format":"standard","meta":{"footnotes":""},"categories":[68],"tags":[159,158,157,138,156,165,164,140,34,160,162,111,110,31,161,33,32,30,163],"class_list":{"0":"post-69136","1":"post","2":"type-post","3":"status-publish","4":"format-standard","5":"has-post-thumbnail","7":"category-sport","8":"tag-allsvenskan","9":"tag-fans","10":"tag-fantv","11":"tag-fotboll","12":"tag-hockey","13":"tag-matcher","14":"tag-matchprogram","15":"tag-premier-league","16":"tag-se","17":"tag-serie-a","18":"tag-spelschema","19":"tag-sport","20":"tag-sports","21":"tag-svenska","22":"tag-svenskafans","23":"tag-sverige","24":"tag-sweden","25":"tag-swedish","26":"tag-tabeller"},"share_on_mastodon":{"url":"https:\/\/pubeurope.com\/@se\/115469990171374011","error":""},"_links":{"self":[{"href":"https:\/\/www.europesays.com\/se\/wp-json\/wp\/v2\/posts\/69136","targetHints":{"allow":["GET"]}}],"collection":[{"href":"https:\/\/www.europesays.com\/se\/wp-json\/wp\/v2\/posts"}],"about":[{"href":"https:\/\/www.europesays.com\/se\/wp-json\/wp\/v2\/types\/post"}],"author":[{"embeddable":true,"href":"https:\/\/www.europesays.com\/se\/wp-json\/wp\/v2\/users\/2"}],"replies":[{"embeddable":true,"href":"https:\/\/www.europesays.com\/se\/wp-json\/wp\/v2\/comments?post=69136"}],"version-history":[{"count":0,"href":"https:\/\/www.europesays.com\/se\/wp-json\/wp\/v2\/posts\/69136\/revisions"}],"wp:featuredmedia":[{"embeddable":true,"href":"https:\/\/www.europesays.com\/se\/wp-json\/wp\/v2\/media\/69137"}],"wp:attachment":[{"href":"https:\/\/www.europesays.com\/se\/wp-json\/wp\/v2\/media?parent=69136"}],"wp:term":[{"taxonomy":"category","embeddable":true,"href":"https:\/\/www.europesays.com\/se\/wp-json\/wp\/v2\/categories?post=69136"},{"taxonomy":"post_tag","embeddable":true,"href":"https:\/\/www.europesays.com\/se\/wp-json\/wp\/v2\/tags?post=69136"}],"curies":[{"name":"wp","href":"https:\/\/api.w.org\/{rel}","templated":true}]}}