{"id":69195,"date":"2025-10-31T19:46:09","date_gmt":"2025-10-31T19:46:09","guid":{"rendered":"https:\/\/www.europesays.com\/se\/69195\/"},"modified":"2025-10-31T19:46:09","modified_gmt":"2025-10-31T19:46:09","slug":"aik-ar-pa-vag-att-byta-tranare","status":"publish","type":"post","link":"https:\/\/www.europesays.com\/se\/69195\/","title":{"rendered":"AIK \u00e4r p\u00e5 v\u00e4g att byta tr\u00e4nare"},"content":{"rendered":"<p>B\u00e5de en dansk i S\u00f6ren Krogh och en portugis i Jo\u00e2o Henriqeus kan ta \u00f6ver AIK efter Mikkjal Thomassen.<\/p>\n<p>Huvudtr\u00e4naren Mikkjal Thomassen \u00e4r p\u00e5 v\u00e4g ut ifr\u00e5n AIK. Det \u00e4r v\u00e4ldigt mycket rykten hit och dit. <\/p>\n<p style=\"line-height: 1.38; margin-top: 0pt; margin-bottom: 0pt\">Det har spekulerats ett tag om vilka som ska ta \u00f6ver klubben. F\u00f6rst och fr\u00e4mst s\u00e4gs det att S\u00f6ren Krogh \u00e4r aktuell. Dansken hyllar ocks\u00e5 Stockholm som stad i en intervju med <a target=\"_blank\" href=\"https:\/\/www.aftonbladet.se\/sportbladet\/fotboll\/a\/dRoXJo\/soren-krogh-om-aik-intresset-stockholm-ar-en-underbar-stad\" rel=\"nofollow noopener\">Sportbladet <\/a>. <\/p>\n<p style=\"line-height: 1.38; margin-top: 0pt; margin-bottom: 0pt\">\u2013 Jag har varit d\u00e4r p\u00e5 semester n\u00e5gra g\u00e5nger. Det \u00e4r en underbar och vacker stad. M\u00e5nga reser dit, precis som m\u00e5nga reser till K\u00f6penhamn och s\u00e5 vidare. <\/p>\n<p style=\"line-height: 1.38; margin-top: 0pt; margin-bottom: 0pt\">Om en dialog med AIK? <\/p>\n<p style=\"line-height: 1.38; margin-top: 0pt; margin-bottom: 0pt\">\u2013 Jag kan inte riktigt g\u00e5 in p\u00e5 n\u00e5gra detaljer kring n\u00e5got just nu. Jag har haft en bra s\u00e4song i Odense och jag har pratat med olika personer. Med stor respekt f\u00f6r b\u00e5de AIK och deras nuvarande tr\u00e4nare kan jag inte s\u00e4ga n\u00e5got om vilka jag pratar med. Det \u00e4r om\u00f6jligt f\u00f6r mig att s\u00e4ga n\u00e5got just nu. Med respekt f\u00f6r alla jag pratar med. Jag hade varit \u00f6ppen f\u00f6r att bo i flera st\u00e4der, Stockholm inkluderat. <\/p>\n<p style=\"line-height: 1.38; margin-top: 0pt; margin-bottom: 0pt\">S\u00f6ren Krogh har tidigare tr\u00e4nat Odense BK, och ocks\u00e5 varit Head of Football i \u00c5lborg, och assistent i FC Nordsj\u00e4lland och spelande tr\u00e4nare i BGA. Han spelade under sin karri\u00e4r i Lemvig, Holstebro, Br\u00f6ndby IF, BK Ferm och FC Nordsj\u00e4lland. <\/p>\n<p style=\"line-height: 1.38; margin-top: 0pt; margin-bottom: 0pt\">Jo\u00e2o Henriques \u00e4r b\u00e5de p\u00e5 AIK:s och Legia Warszawas \u00f6nskelista, skriver transferjournalisten <a target=\"_blank\" href=\"https:\/\/x.com\/RudyGaletti\/status\/1984229930511843370\" rel=\"nofollow\">Rudy Galetti <\/a>. <\/p>\n<p style=\"line-height: 1.38; margin-top: 0pt; margin-bottom: 0pt\">Det \u00e4r andra g\u00e5ngen portugisen kopplas ihop med \u201cGnaget\u201d. F\u00f6rsta g\u00e5ngen var 2022, men det h\u00e4nde ingenting d\u00e5. <\/p>\n<p style=\"line-height: 1.38; margin-top: 0pt; margin-bottom: 0pt\">52-\u00e5ringen har en l\u00e5ng tr\u00e4narkarri\u00e4r bakom sig i Rio Maior, Riachense, Torres Novas, Uni\u00e2o Almeirim, F\u00e1tima, Leix\u00f4es, Pacos de Ferreira, Santa Clara, Vit\u00f3ria Guimar\u00e2es, Moreirense, Maritimo, Olimpija Ljubljana och Radomiak Radom. <\/p>\n<p style=\"line-height: 1.38; margin-top: 0pt; margin-bottom: 0pt\">Danska <a target=\"_blank\" href=\"https:\/\/bold.dk\/fodbold\/klubber\/aik\/nyheder\/soren-krogh-glipper-svensk-topjob\" rel=\"nofollow noopener\">Bold <\/a>skriver att Jo\u00e2o Henriques \u00e4r favoriten och att S\u00f6ren Krogh missar jobbet. <\/p>\n","protected":false},"excerpt":{"rendered":"B\u00e5de en dansk i S\u00f6ren Krogh och en portugis i Jo\u00e2o Henriqeus kan ta \u00f6ver AIK efter Mikkjal&hellip;\n","protected":false},"author":2,"featured_media":69196,"comment_status":"","ping_status":"","sticky":false,"template":"","format":"standard","meta":{"footnotes":""},"categories":[68],"tags":[159,158,157,138,156,165,164,140,34,160,162,111,110,31,161,33,32,30,163],"class_list":{"0":"post-69195","1":"post","2":"type-post","3":"status-publish","4":"format-standard","5":"has-post-thumbnail","7":"category-sport","8":"tag-allsvenskan","9":"tag-fans","10":"tag-fantv","11":"tag-fotboll","12":"tag-hockey","13":"tag-matcher","14":"tag-matchprogram","15":"tag-premier-league","16":"tag-se","17":"tag-serie-a","18":"tag-spelschema","19":"tag-sport","20":"tag-sports","21":"tag-svenska","22":"tag-svenskafans","23":"tag-sverige","24":"tag-sweden","25":"tag-swedish","26":"tag-tabeller"},"share_on_mastodon":{"url":"https:\/\/pubeurope.com\/@se\/115470505332946370","error":""},"_links":{"self":[{"href":"https:\/\/www.europesays.com\/se\/wp-json\/wp\/v2\/posts\/69195","targetHints":{"allow":["GET"]}}],"collection":[{"href":"https:\/\/www.europesays.com\/se\/wp-json\/wp\/v2\/posts"}],"about":[{"href":"https:\/\/www.europesays.com\/se\/wp-json\/wp\/v2\/types\/post"}],"author":[{"embeddable":true,"href":"https:\/\/www.europesays.com\/se\/wp-json\/wp\/v2\/users\/2"}],"replies":[{"embeddable":true,"href":"https:\/\/www.europesays.com\/se\/wp-json\/wp\/v2\/comments?post=69195"}],"version-history":[{"count":0,"href":"https:\/\/www.europesays.com\/se\/wp-json\/wp\/v2\/posts\/69195\/revisions"}],"wp:featuredmedia":[{"embeddable":true,"href":"https:\/\/www.europesays.com\/se\/wp-json\/wp\/v2\/media\/69196"}],"wp:attachment":[{"href":"https:\/\/www.europesays.com\/se\/wp-json\/wp\/v2\/media?parent=69195"}],"wp:term":[{"taxonomy":"category","embeddable":true,"href":"https:\/\/www.europesays.com\/se\/wp-json\/wp\/v2\/categories?post=69195"},{"taxonomy":"post_tag","embeddable":true,"href":"https:\/\/www.europesays.com\/se\/wp-json\/wp\/v2\/tags?post=69195"}],"curies":[{"name":"wp","href":"https:\/\/api.w.org\/{rel}","templated":true}]}}