{"id":69469,"date":"2025-11-01T08:19:09","date_gmt":"2025-11-01T08:19:09","guid":{"rendered":"https:\/\/www.europesays.com\/se\/69469\/"},"modified":"2025-11-01T08:19:09","modified_gmt":"2025-11-01T08:19:09","slug":"har-har-ni-hastensom-fixar-miljoner-trav","status":"publish","type":"post","link":"https:\/\/www.europesays.com\/se\/69469\/","title":{"rendered":"H\u00e4r har ni h\u00e4sten\nsom fixar miljoner | Trav"},"content":{"rendered":"<p>Obegr\u00e4nsad l\u00e4sning <br \/>en vecka gratis \u2013<br \/>sen 29 kr\/m\u00e5n i 3 m\u00e5n<\/p>\n<p>En vecka gratis, sen 29 kr\/m\u00e5n i 3 m\u00e5nader. D\u00e4refter ordinarie pris 99 kr\/m\u00e5n tillsvidare. Ingen bindningstid, s\u00e4g upp n\u00e4r du vill.<\/p>\n<p>Det h\u00e4r ing\u00e5rMed Expressen Premium f\u00e5r du:<\/p>\n<ul>\n<li>Senaste nytt, avsl\u00f6janden och exklusiva reportage.<\/li>\n<li>Originaldokument\u00e4rer och poddar.<\/li>\n<li>F\u00f6lj sport- och n\u00f6jesv\u00e4rlden fr\u00e5n insidan.<\/li>\n<li>Experttips, tester och livsstilsguider.<\/li>\n<li>Ett extra konto \u2013 bjud in en familjemedlem.<\/li>\n<\/ul>\n","protected":false},"excerpt":{"rendered":"Obegr\u00e4nsad l\u00e4sning en vecka gratis \u2013sen 29 kr\/m\u00e5n i 3 m\u00e5n En vecka gratis, sen 29 kr\/m\u00e5n i&hellip;\n","protected":false},"author":2,"featured_media":69470,"comment_status":"","ping_status":"","sticky":false,"template":"","format":"standard","meta":{"footnotes":""},"categories":[68],"tags":[6240,103,34,1033,111,110,31,33,32,30],"class_list":{"0":"post-69469","1":"post","2":"type-post","3":"status-publish","4":"format-standard","5":"has-post-thumbnail","7":"category-sport","8":"tag-organization-v85-tips","9":"tag-premium","10":"tag-se","11":"tag-sections-trav","12":"tag-sport","13":"tag-sports","14":"tag-svenska","15":"tag-sverige","16":"tag-sweden","17":"tag-swedish"},"share_on_mastodon":{"url":"https:\/\/pubeurope.com\/@se\/115473466239274647","error":""},"_links":{"self":[{"href":"https:\/\/www.europesays.com\/se\/wp-json\/wp\/v2\/posts\/69469","targetHints":{"allow":["GET"]}}],"collection":[{"href":"https:\/\/www.europesays.com\/se\/wp-json\/wp\/v2\/posts"}],"about":[{"href":"https:\/\/www.europesays.com\/se\/wp-json\/wp\/v2\/types\/post"}],"author":[{"embeddable":true,"href":"https:\/\/www.europesays.com\/se\/wp-json\/wp\/v2\/users\/2"}],"replies":[{"embeddable":true,"href":"https:\/\/www.europesays.com\/se\/wp-json\/wp\/v2\/comments?post=69469"}],"version-history":[{"count":0,"href":"https:\/\/www.europesays.com\/se\/wp-json\/wp\/v2\/posts\/69469\/revisions"}],"wp:featuredmedia":[{"embeddable":true,"href":"https:\/\/www.europesays.com\/se\/wp-json\/wp\/v2\/media\/69470"}],"wp:attachment":[{"href":"https:\/\/www.europesays.com\/se\/wp-json\/wp\/v2\/media?parent=69469"}],"wp:term":[{"taxonomy":"category","embeddable":true,"href":"https:\/\/www.europesays.com\/se\/wp-json\/wp\/v2\/categories?post=69469"},{"taxonomy":"post_tag","embeddable":true,"href":"https:\/\/www.europesays.com\/se\/wp-json\/wp\/v2\/tags?post=69469"}],"curies":[{"name":"wp","href":"https:\/\/api.w.org\/{rel}","templated":true}]}}