{"id":69511,"date":"2025-11-01T09:05:10","date_gmt":"2025-11-01T09:05:10","guid":{"rendered":"https:\/\/www.europesays.com\/se\/69511\/"},"modified":"2025-11-01T09:05:10","modified_gmt":"2025-11-01T09:05:10","slug":"andrew-hanas-i-medierna-applader-i-bbc-program","status":"publish","type":"post","link":"https:\/\/www.europesays.com\/se\/69511\/","title":{"rendered":"Andrew h\u00e5nas i medierna \u2013 appl\u00e5der i BBC-program"},"content":{"rendered":"<p>Beskedet att prins Andrew fr\u00e5ntas sina kungliga titlar har sysselsatt brittisk press i flera dagar. Framf\u00f6r allt tabloidtidningarna t\u00e4vlar om vem som kan h\u00e5na Andrew p\u00e5 det mest kreativa s\u00e4ttet.<\/p>\n<p>\u201dThe Royal formerly known as Prince\u201d\u201a skriver Daily Star. En anspelning p\u00e5 det artistnamn som Prince tog p\u00e5 1990-talet.<\/p>\n<p>Flera medier lutar sig mot att Andrew flyttar fr\u00e5n Windsor till det kungliga lantst\u00e4llet Sandringham i grevskapet Norfolk. The Sun har gett sig ut i Norfolk och hittat m\u00e5nga som inte vill ha honom d\u00e4r.<\/p>\n<p>\u201dWe can\u2019t bear him either\u201d, lyder f\u00f6rstasidan. Det \u00e4r sedan l\u00e4nge k\u00e4nt att Andrew har en stor samling av teddybj\u00f6rnar.<\/p>\n<p>Pressmeddelandet fr\u00e5n Buckingham Palace kom mitt under inspelningen av BBC-programmet \u201dQuestion time\u201d. N\u00e4r programledaren l\u00e4ste upp nyheten utbr\u00f6t spontana appl\u00e5der i publiken.<\/p>\n<p>Omni \u00e4r politiskt obundna och oberoende. Vi str\u00e4var efter att ge fler perspektiv p\u00e5 nyheterna. Har du fr\u00e5gor eller synpunkter kring v\u00e5r rapportering? <a href=\"https:\/\/omni.se\/utsparkad-andrew-hanas-och-fornedras-i-brittisk-press\/a\/mailto:redaktion@omni.se\" class=\"ArticleActions_contactLink__W2F1M\" rel=\"nofollow noopener\" target=\"_blank\">Kontakta redaktionen<\/a><\/p>\n","protected":false},"excerpt":{"rendered":"Beskedet att prins Andrew fr\u00e5ntas sina kungliga titlar har sysselsatt brittisk press i flera dagar. Framf\u00f6r allt tabloidtidningarna&hellip;\n","protected":false},"author":2,"featured_media":69512,"comment_status":"","ping_status":"","sticky":false,"template":"","format":"standard","meta":{"footnotes":""},"categories":[5],"tags":[22,23,2171,267,26,27,17,21,865,24,25,28,29,732,15,16,5520,18,34,593,31,33,32,30,19,20],"class_list":{"0":"post-69511","1":"post","2":"type-post","3":"status-publish","4":"format-standard","5":"has-post-thumbnail","7":"category-rubriker","8":"tag-breaking-news","9":"tag-breakingnews","10":"tag-brittiska-kungahuset","11":"tag-europa","12":"tag-featured-news","13":"tag-featurednews","14":"tag-headlines","15":"tag-huvudnyheter","16":"tag-journalistik","17":"tag-latest-news","18":"tag-latestnews","19":"tag-main-news","20":"tag-mainnews","21":"tag-media-reklam","22":"tag-news","23":"tag-nyheter","24":"tag-prins-andrew","25":"tag-rubriker","26":"tag-se","27":"tag-storbritannien","28":"tag-svenska","29":"tag-sverige","30":"tag-sweden","31":"tag-swedish","32":"tag-top-stories","33":"tag-topstories"},"share_on_mastodon":{"url":"https:\/\/pubeurope.com\/@se\/115473647167912796","error":""},"_links":{"self":[{"href":"https:\/\/www.europesays.com\/se\/wp-json\/wp\/v2\/posts\/69511","targetHints":{"allow":["GET"]}}],"collection":[{"href":"https:\/\/www.europesays.com\/se\/wp-json\/wp\/v2\/posts"}],"about":[{"href":"https:\/\/www.europesays.com\/se\/wp-json\/wp\/v2\/types\/post"}],"author":[{"embeddable":true,"href":"https:\/\/www.europesays.com\/se\/wp-json\/wp\/v2\/users\/2"}],"replies":[{"embeddable":true,"href":"https:\/\/www.europesays.com\/se\/wp-json\/wp\/v2\/comments?post=69511"}],"version-history":[{"count":0,"href":"https:\/\/www.europesays.com\/se\/wp-json\/wp\/v2\/posts\/69511\/revisions"}],"wp:featuredmedia":[{"embeddable":true,"href":"https:\/\/www.europesays.com\/se\/wp-json\/wp\/v2\/media\/69512"}],"wp:attachment":[{"href":"https:\/\/www.europesays.com\/se\/wp-json\/wp\/v2\/media?parent=69511"}],"wp:term":[{"taxonomy":"category","embeddable":true,"href":"https:\/\/www.europesays.com\/se\/wp-json\/wp\/v2\/categories?post=69511"},{"taxonomy":"post_tag","embeddable":true,"href":"https:\/\/www.europesays.com\/se\/wp-json\/wp\/v2\/tags?post=69511"}],"curies":[{"name":"wp","href":"https:\/\/api.w.org\/{rel}","templated":true}]}}