{"id":69518,"date":"2025-11-01T09:41:15","date_gmt":"2025-11-01T09:41:15","guid":{"rendered":"https:\/\/www.europesays.com\/se\/69518\/"},"modified":"2025-11-01T09:41:15","modified_gmt":"2025-11-01T09:41:15","slug":"fullt-inbordeskrig-bland-donald-trumps-allierade","status":"publish","type":"post","link":"https:\/\/www.europesays.com\/se\/69518\/","title":{"rendered":"Fullt inb\u00f6rdeskrig bland Donald Trumps allierade"},"content":{"rendered":"<p>Publicerad 1 nov 2025 kl 09.57<\/p>\n<p>F\u00f6re detta Fox News-profilen Tucker Carlson v\u00e4lkomnade f\u00f6rintelsef\u00f6rnekaren Nick Fuentes till sin podd.\u00a0<\/p>\n<p>Intervjun har startat ett inb\u00f6rdeskrig mellan Donald Trumps allierade.<\/p>\n<p>Experten om toppm\u00f6tet: \u201dKina \u00e4r tydlig vinnare\u201d<img loading=\"lazy\"   alt=\"\"\/><\/p>\n<p>Vit makt-profilen Nick Fuentes intervjuades av Tucker Carlson och spred sin antisemitiska v\u00e4rldsbild.<\/p>\n<p>Foto: SHUTTERSTOCK EDITORIAL\/IBL<\/p>\n<p>\u00d6ppna bild i helsk\u00e4rm<img loading=\"lazy\"   alt=\"\"\/><\/p>\n<p>Donald Trumps r\u00f6relse \u00e4r splittrad i sitt st\u00f6d efter intervjun.<\/p>\n<p>Foto: MANUEL BALCE CENETA \/ AP TT NYHETSBYR\u00c5N<\/p>\n<p>\u00d6ppna bild i helsk\u00e4rm<img loading=\"lazy\"   alt=\"\"\/><\/p>\n<p>Ted Cruz \u00e4r rasande p\u00e5 att Tucker Carlson l\u00e4t Fuentes prata om judar och Hitler.<\/p>\n<p>Foto: JULIA DEMAREE NIKHINSON \/ AP\/ TT<\/p>\n<p>\u00d6ppna bild i helsk\u00e4rm<img loading=\"lazy\"   alt=\"\"\/><\/p>\n<p>Intervjun var enligt kritikerna alltf\u00f6r v\u00e4nskaplig \u2013 och borde aldrig ha genomf\u00f6rts.<\/p>\n<p>Foto: TCN<\/p>\n<p>\u00d6ppna bild i helsk\u00e4rmARTIKELN I KORTHET<\/p>\n<p> Tucker Carlson intervjuade vit makt-profilen Nick Fuentes i sin podd, vilket utl\u00f6st en \u00f6ppen konflikt inom Donald Trumps Maga-r\u00f6relse.<\/p>\n<p>\u00a0Kevin Roberts, ordf\u00f6rande f\u00f6r Heritage Foundation, f\u00f6rsvarade Carlson men m\u00f6tte h\u00e5rd intern kritik.<\/p>\n<p> Flera h\u00f6gerprofiler tog avst\u00e5nd fr\u00e5n Roberts \u2013 bland dem senatorn Ted Cruz och Republican Jewish Coalition.<\/p>\n<p> Cruz varnade f\u00f6r v\u00e4xande antisemitism inom h\u00f6gern och kallade tystnad inf\u00f6r hatretorik f\u00f6r medskyldighet.<\/p>\n<p>\u00a0Samtidigt uttryckte andra Maga-ledare sitt st\u00f6d f\u00f6r Roberts och h\u00e4vdade att r\u00f6relsen \u00e4r p\u00e5 v\u00e4g \u00e5t r\u00e4tt h\u00e5ll.<\/p>\n<p>Visa mer<\/p>\n<p>Ett storbr\u00e5k mellan olika grenar inom <a href=\"https:\/\/www.expressen.se\/tagg\/person\/donald-trump\/\" rel=\"nofollow noopener\" target=\"_blank\">Donald Trumps <\/a>Maga-r\u00f6relse har brutit ut efter att <a href=\"https:\/\/www.expressen.se\/tagg\/person\/tucker-carlson\/\" rel=\"nofollow noopener\" target=\"_blank\">Tucker Carlson<\/a> intervjuat vit makt-profilen Nick Fuentes i sin podd. I den v\u00e4nskapliga intervjun sa Fuentes bland annat att den stora utmaningen med att ena USA var den \u201dorganiserade judenheten\u201d.\u00a0<\/p>\n<p>Kevin Roberts, ordf\u00f6rande i tankesmedjan Heritage Foundation \u2013 som ligger bakom det kontroversiella Project 2025 \u2013 tar sin v\u00e4n Carlson i f\u00f6rsvar. Men han har inte hela sin h\u00f6gerkristna organisation bakom sig.<\/p>\n<p>\u2013 Nick Fuentes \u00e4r en avskyv\u00e4rd, antiamerikansk och antisemitisk f\u00f6rlorare. Han \u00e4r inte konservativ, inte \u2019America First\u2019 och inte allierad till president Trump, s\u00e4ger en medarbetare till <a href=\"https:\/\/thehill.com\/homenews\/media\/5584094-heritage-foundation-tucker-carlson-nick-fuentes-divisions\/\" rel=\"nofollow noopener\" target=\"_blank\">The Hill<\/a>.<\/p>\n<p>\u2013 Med sina egna ord \u00e4r Nick Fuentes en bundsf\u00f6rvant till Stalin, Hitler och talibanerna. Det \u00e4r inte n\u00e5gon vars id\u00e9er f\u00f6rtj\u00e4nar att debatteras. Konservativa b\u00f6r be att han f\u00e5r den hj\u00e4lp han beh\u00f6ver \u2013 inte ge honom det minsta utrymme i v\u00e5r r\u00f6relse.<\/p>\n<p>Flera andra h\u00f6gt uppsatta medarbetare har \u00f6ppet kritiserat uttalandet p\u00e5 X p\u00e5 temat \u201dNazism \u00e4r d\u00e5ligt\u201d.\u00a0<\/p>\n<p>I sitt initiala uttalande i torsdags kritiserade Kevin Roberts den \u201dgiftiga koalition\u201d som attackerade Carlson och sa att alla f\u00f6rs\u00f6k att cancellera honom kommer att misslyckas. Samtidigt varnade han f\u00f6r angrepp mot v\u00e4nner till h\u00f6ger i st\u00e4llet f\u00f6r mot politiska motst\u00e5ndare till v\u00e4nster.\u00a0<\/p>\n<p>G\u00e4stade Mar-a-Lago<\/p>\n<p>\u00c4ven om Roberts tog avst\u00e5nd mot Fuentes \u00e5sikter \u2013 n\u00e5got han understr\u00f6k mer kraftfullt i ytterligare ett uttalande \u2013 reagerar Matt Brooks, ledare f\u00f6r Republican Jewish Coalition, starkt och s\u00e4ger till <a href=\"https:\/\/jewishinsider.com\/2025\/10\/heritage-foundation-tucker-carlson-nick-fuentes-jewish-conservatives-condemn\/\" rel=\"nofollow noopener\" target=\"_blank\">Jewish Insider<\/a> att hans organisation kommer att beh\u00f6va omv\u00e4rdera sitt f\u00f6rh\u00e5llande till Heritage Foundation. Och ilskan har fortsatt.<\/p>\n<p>\u00a0\u2013 Om du sitter d\u00e4r med n\u00e5gon som s\u00e4ger att Adolf Hitler var v\u00e4ldigt, v\u00e4ldigt cool och att deras uppdrag \u00e4r att bek\u00e4mpa och besegra \u2018den globala judenheten\u2019, och du inte s\u00e4ger n\u00e5got \u2013 d\u00e5 \u00e4r du en fegis, och medskyldig till det onda, s\u00e4ger senatorn Ted Cruz, som sedan tidigare har ett svajigt f\u00f6rh\u00e5llande till Carlson, p\u00e5 en konferens med \u00a0Republican Jewish Coalition.\u00a0<\/p>\n<p>Han varnade f\u00f6r att han under det senaste halv\u00e5ret har sett mer antisemitism fr\u00e5n h\u00f6gern \u00e4n under hela sitt liv.<\/p>\n<p>\u2013 Det h\u00e4r \u00e4r ett gift, och jag anser att v\u00e5rt parti och v\u00e5rt land st\u00e5r inf\u00f6r en existentiell kris, s\u00e4ger Cruz enligt <a href=\"https:\/\/www.thedailybeast.com\/maga-civil-war-erupts-as-cruz-slams-hitler-was-cool-interview\/\" rel=\"nofollow noopener\" target=\"_blank\">The Daily Beast<\/a>.\u00a0<\/p>\n<p>Tucker Carlson svarar p\u00e5 kritiken i ett sms till <a href=\"https:\/\/www.washingtonpost.com\/politics\/2025\/10\/31\/carlson-fuentes-heritage-antisemitism\/?utm_source=chatgpt.com\" rel=\"nofollow noopener\" target=\"_blank\">Washington Post<\/a>, d\u00e4r han p\u00e5st\u00e5r att \u201drepublikanska politiker\u201d f\u00f6rs\u00f6ker f\u00e5 Roberts avskedad f\u00f6r att han f\u00f6rsvarar yttrandefriheten.\u00a0<\/p>\n<p>\u201dDet \u00e4r chockerande f\u00f6r mig. Om de lyckas \u00e4r Heritage historia \u2013 och det \u00e4r det Republikanska partiet ocks\u00e5\u201d, skriver han.<\/p>\n<p>Samtidigt har ledare f\u00f6r flera andra tankesmedjor med kopplingar till Maga-r\u00f6relsen gett sitt st\u00f6d till Kevin Roberts.\u00a0<\/p>\n<p>\u2013 Jag har aldrig varit mer entusiastisk \u00f6ver vart v\u00e5r r\u00f6relse \u00e4r p\u00e5 v\u00e4g, s\u00e4ger Nick Solheim, vd f\u00f6r American Moment, d\u00e4r flera medarbetare inom Trumps administration har sin bakgrund. \u00a0<\/p>\n<p>2022 g\u00e4stade Nick Fuentes <a href=\"https:\/\/www.expressen.se\/tagg\/person\/donald-trump\/\" class=\"\" rel=\"nofollow noopener\" target=\"_blank\">Donald Trump<\/a> p\u00e5 Mar-a-Lago tillsammans med Kanye West.\u00a0<\/p>\n<p>Detta \u00e4r Project 2025<\/p>\n<p> Initiativet skapades av tankesmedjan The Heritage Foundation f\u00f6r att ge en f\u00e4rdplan f\u00f6r en framtida konservativ amerikansk administration.<\/p>\n<p>\u00a0Planen pr\u00e4glas av id\u00e9er som ofta betecknas som kristen nationalistiska \u2014 med m\u00e5let att inf\u00f6ra kristna v\u00e4rderingar och st\u00e4rka en nationalkonservativ stat.<\/p>\n<p>\u00a0Donald Trump f\u00f6rnekade k\u00e4nnedom om Project 2025 i valr\u00f6relsen men har b\u00f6rjat genomf\u00f6ra flera m\u00e5l fr\u00e5n planen.\u00a0<\/p>\n<p>\u00a0Donald Trumps budgetchef Russell Vought \u00e4r som medf\u00f6rfattare en central figur bakom Project 2025.\u00a0<\/p>\n<p>\u00a0Kritiker menar att planen riskerar att underminera maktdelning, separering av kyrka och stat samt civila r\u00e4ttigheter genom att omforma federala myndigheter enligt en konservativ agenda.\u00a0<\/p>\n<p>Visa mer<\/p>\n","protected":false},"excerpt":{"rendered":"Publicerad 1 nov 2025 kl 09.57 F\u00f6re detta Fox News-profilen Tucker Carlson v\u00e4lkomnade f\u00f6rintelsef\u00f6rnekaren Nick Fuentes till sin&hellip;\n","protected":false},"author":2,"featured_media":69519,"comment_status":"","ping_status":"","sticky":false,"template":"","format":"standard","meta":{"footnotes":""},"categories":[14],"tags":[22,23,26,27,17,21,24,25,45,28,29,15,16,2709,198,6343,18,34,55,31,33,32,30,19,204,20,51,52,53,54],"class_list":{"0":"post-69518","1":"post","2":"type-post","3":"status-publish","4":"format-standard","5":"has-post-thumbnail","7":"category-varlden","8":"tag-breaking-news","9":"tag-breakingnews","10":"tag-featured-news","11":"tag-featurednews","12":"tag-headlines","13":"tag-huvudnyheter","14":"tag-latest-news","15":"tag-latestnews","16":"tag-location-usa","17":"tag-main-news","18":"tag-mainnews","19":"tag-news","20":"tag-nyheter","21":"tag-person-adolf-hitler","22":"tag-person-donald-trump","23":"tag-person-tucker-carlson","24":"tag-rubriker","25":"tag-se","26":"tag-sections-varlden","27":"tag-svenska","28":"tag-sverige","29":"tag-sweden","30":"tag-swedish","31":"tag-top-stories","32":"tag-topic-amerikansk-politik","33":"tag-topstories","34":"tag-varlden","35":"tag-world","36":"tag-world-news","37":"tag-worldnews"},"share_on_mastodon":{"url":"https:\/\/pubeurope.com\/@se\/115473788673073860","error":""},"_links":{"self":[{"href":"https:\/\/www.europesays.com\/se\/wp-json\/wp\/v2\/posts\/69518","targetHints":{"allow":["GET"]}}],"collection":[{"href":"https:\/\/www.europesays.com\/se\/wp-json\/wp\/v2\/posts"}],"about":[{"href":"https:\/\/www.europesays.com\/se\/wp-json\/wp\/v2\/types\/post"}],"author":[{"embeddable":true,"href":"https:\/\/www.europesays.com\/se\/wp-json\/wp\/v2\/users\/2"}],"replies":[{"embeddable":true,"href":"https:\/\/www.europesays.com\/se\/wp-json\/wp\/v2\/comments?post=69518"}],"version-history":[{"count":0,"href":"https:\/\/www.europesays.com\/se\/wp-json\/wp\/v2\/posts\/69518\/revisions"}],"wp:featuredmedia":[{"embeddable":true,"href":"https:\/\/www.europesays.com\/se\/wp-json\/wp\/v2\/media\/69519"}],"wp:attachment":[{"href":"https:\/\/www.europesays.com\/se\/wp-json\/wp\/v2\/media?parent=69518"}],"wp:term":[{"taxonomy":"category","embeddable":true,"href":"https:\/\/www.europesays.com\/se\/wp-json\/wp\/v2\/categories?post=69518"},{"taxonomy":"post_tag","embeddable":true,"href":"https:\/\/www.europesays.com\/se\/wp-json\/wp\/v2\/tags?post=69518"}],"curies":[{"name":"wp","href":"https:\/\/api.w.org\/{rel}","templated":true}]}}